{"id":1532,"date":"2018-08-31T08:49:18","date_gmt":"2018-08-31T06:49:18","guid":{"rendered":"http:\/\/levangilealecran.com?p=1532"},"modified":"2018-08-31T09:19:59","modified_gmt":"2018-08-31T07:19:59","slug":"21e-dimanche-du-temps-ordinaire-c","status":"publish","type":"post","link":"https:\/\/levangilealecran.com\/?p=1532","title":{"rendered":"22e dimanche du temps ordinaire &#8211; B"},"content":{"rendered":"<blockquote><p>\u00ab\u00a0Vous aussi, vous laissez de c\u00f4t\u00e9 le commandement de Dieu,<br \/>\npour vous attacher \u00e0 la tradition des hommes.\u00a0\u00bb Marc 7, 8<\/p><\/blockquote>\n<p><strong>&gt; Dans cet \u00c9vangile, J\u00e9sus se fait interroger par les Pharisiens qui lui demandent pourquoi ses disciples ne suivent pas les traditions des Anciens. J\u00e9sus leur dit qu&rsquo;ils sont hypocrites comme l&rsquo;avait proph\u00e9tis\u00e9 Isa\u00efe.<\/strong><\/p>\n<div class=\"text_exposed_show\">\n<p><strong>Nous nous attachons souvent \u00e0 de petites choses qui nous semblent \u00eatre au centre de notre foi et qui par cons\u00e9quent nous semble \u00eatre essentiel pour la foi des autres ! Quitte \u00e0 leur imposer et m\u00eame les juger s&rsquo;ils ne font pas comme nous.<\/strong><\/p>\n<p><strong>Nous nous comportons souvent comme des Pharisiens alors t\u00e2chons d&rsquo;aimer Dieu avant d&rsquo;aimer nos traditions tant humaine ! T\u00e2chons de nous sentir chr\u00e9tien avant de nous sentir catholique, protestant ou bien \u00e9vang\u00e9lique ! Vivons en chr\u00e9tien en aimant notre prochain comme Dieu nous a aim\u00e9.<\/strong><\/p>\n<\/div>\n","protected":false},"excerpt":{"rendered":"<p>\u00ab\u00a0Vous aussi, vous laissez de c\u00f4t\u00e9 le commandement de Dieu, pour vous attacher \u00e0 la tradition des hommes.\u00a0\u00bb Marc 7, 8 &gt; Dans cet \u00c9vangile, J\u00e9sus se fait interroger par les Pharisiens qui lui demandent pourquoi ses disciples ne suivent pas les traditions des Anciens. J\u00e9sus leur dit qu&rsquo;ils sont hypocrites comme l&rsquo;avait proph\u00e9tis\u00e9 Isa\u00efe. Nous nous attachons souvent \u00e0 de petites choses qui nous semblent \u00eatre au centre de notre foi et qui par cons\u00e9quent nous semble \u00eatre essentiel pour la foi des autres ! Quitte \u00e0 leur imposer et m\u00eame les juger s&rsquo;ils ne font pas comme nous. Nous nous comportons souvent comme des Pharisiens alors t\u00e2chons d&rsquo;aimer \u2026 <a class=\"continue-reading-link\" href=\"https:\/\/levangilealecran.com\/?p=1532\"> Continue reading <span class=\"meta-nav\">&rarr; <\/span><\/a><\/p>\n","protected":false},"author":2006,"featured_media":0,"comment_status":"open","ping_status":"open","sticky":false,"template":"","format":"standard","meta":{"footnotes":""},"categories":[4,7],"tags":[16,402,76,504],"class_list":["post-1532","post","type-post","status-publish","format-standard","hentry","category-dimanche","category-marc","tag-amour","tag-commandement","tag-foi","tag-jugement"],"_links":{"self":[{"href":"https:\/\/levangilealecran.com\/index.php?rest_route=\/wp\/v2\/posts\/1532","targetHints":{"allow":["GET"]}}],"collection":[{"href":"https:\/\/levangilealecran.com\/index.php?rest_route=\/wp\/v2\/posts"}],"about":[{"href":"https:\/\/levangilealecran.com\/index.php?rest_route=\/wp\/v2\/types\/post"}],"author":[{"embeddable":true,"href":"https:\/\/levangilealecran.com\/index.php?rest_route=\/wp\/v2\/users\/2006"}],"replies":[{"embeddable":true,"href":"https:\/\/levangilealecran.com\/index.php?rest_route=%2Fwp%2Fv2%2Fcomments&post=1532"}],"version-history":[{"count":3,"href":"https:\/\/levangilealecran.com\/index.php?rest_route=\/wp\/v2\/posts\/1532\/revisions"}],"predecessor-version":[{"id":1536,"href":"https:\/\/levangilealecran.com\/index.php?rest_route=\/wp\/v2\/posts\/1532\/revisions\/1536"}],"wp:attachment":[{"href":"https:\/\/levangilealecran.com\/index.php?rest_route=%2Fwp%2Fv2%2Fmedia&parent=1532"}],"wp:term":[{"taxonomy":"category","embeddable":true,"href":"https:\/\/levangilealecran.com\/index.php?rest_route=%2Fwp%2Fv2%2Fcategories&post=1532"},{"taxonomy":"post_tag","embeddable":true,"href":"https:\/\/levangilealecran.com\/index.php?rest_route=%2Fwp%2Fv2%2Ftags&post=1532"}],"curies":[{"name":"wp","href":"https:\/\/api.w.org\/{rel}","templated":true}]}}