{"id":1528,"date":"2018-08-24T08:00:39","date_gmt":"2018-08-24T06:00:39","guid":{"rendered":"http:\/\/levangilealecran.com?p=1528"},"modified":"2018-08-22T08:27:12","modified_gmt":"2018-08-22T06:27:12","slug":"21e-dimanche-du-temps-ordinaire-b","status":"publish","type":"post","link":"https:\/\/levangilealecran.com\/?p=1528","title":{"rendered":"21e dimanche du temps ordinaire \u2013 B"},"content":{"rendered":"<div id=\"js_s\" class=\"_5pbx userContent _3576\" data-ft=\"{&quot;tn&quot;:&quot;K&quot;}\">\n<blockquote><p>\u00ab\u00a0C\u2019est l\u2019Esprit qui vivifie, la chair ne sert de rien. Les paroles que je vous ai dites sont esprit et vie. Mais il en est parmi vous qui ne croient pas.\u00a0\u00bb <em>Jn 6, 63-64<\/em><\/p><\/blockquote>\n<p><a title=\"\" href=\"http:\/\/levangilealecran.comwp-content\/uploads\/2018\/08\/20180826_jn663.png\"><img loading=\"lazy\" decoding=\"async\" class=\"aligncenter size-medium wp-image-1529\" title=\"\" src=\"http:\/\/levangilealecran.comwp-content\/uploads\/2018\/08\/20180826_jn663-300x300.png\" alt=\"\" width=\"300\" height=\"300\" srcset=\"https:\/\/levangilealecran.com\/wp-content\/uploads\/2018\/08\/20180826_jn663-300x300.png 300w, https:\/\/levangilealecran.com\/wp-content\/uploads\/2018\/08\/20180826_jn663-150x150.png 150w, https:\/\/levangilealecran.com\/wp-content\/uploads\/2018\/08\/20180826_jn663.png 600w\" sizes=\"auto, (max-width: 300px) 100vw, 300px\" \/><\/a><\/p>\n<p><strong>&gt; Des paroles dures, difficiles \u00e0 entendre peut-\u00eatre. Nous qui, depuis notre naissance, sommes notre propre point de r\u00e9f\u00e9rence. Nous qui vivons \u00e0 partir de ce que nous sommes capables de d\u00e9velopper comme comp\u00e9tences, \u00e0 partir de nos capacit\u00e9s, \u00e0 partir de notre combat pour survivre. A tel point que nous confondons parfois la r\u00e9alit\u00e9 avec ce que nous en percevons, et oublions que le monde n\u2019est pas issu de nous-m\u00eames.<\/strong><\/p>\n<p><strong>Ce qui donne la vie vient de plus loin, de l\u2019ext\u00e9rieur de nous, d\u2019ailleurs. C\u2019est l\u2019Esprit. Si nous croyons vivre seulement \u00e0 partir de nous-m\u00eames, nous demeurons dans l\u2019illusion: celle que la vie serait ce que nous percevons. Le Christ nous invite \u00e0 sortir de nous-m\u00eames, renoncer \u00e0 nous poser comme r\u00e9f\u00e9rence et accepter de se recevoir d\u2019ailleurs, se recevoir de l\u2019Esprit.<\/strong><\/p>\n<p><strong>&gt; La vie en v\u00e9rit\u00e9 passe par une d\u00e9possession et un renoncement. Pour non plus se raconter \u00e0 partir de soi, mais se laisser raconter par un Autre. Pour sortir de l\u2019illusion du soi et se d\u00e9couvrir habit\u00e9 par l\u2019Esprit qui unifie toute r\u00e9alit\u00e9. \u00ab Celui qui aime sa vie la perd, et celui qui cesse de s\u2019y attacher en ce monde la gardera pour la vie \u00e9ternelle. \u00bb<\/strong><\/p>\n<\/div>\n","protected":false},"excerpt":{"rendered":"<p>\u00ab\u00a0C\u2019est l\u2019Esprit qui vivifie, la chair ne sert de rien. Les paroles que je vous ai dites sont esprit et vie. Mais il en est parmi vous qui ne croient pas.\u00a0\u00bb Jn 6, 63-64 &gt; Des paroles dures, difficiles \u00e0 entendre peut-\u00eatre. Nous qui, depuis notre naissance, sommes notre propre point de r\u00e9f\u00e9rence. Nous qui vivons \u00e0 partir de ce que nous sommes capables de d\u00e9velopper comme comp\u00e9tences, \u00e0 partir de nos capacit\u00e9s, \u00e0 partir de notre combat pour survivre. A tel point que nous confondons parfois la r\u00e9alit\u00e9 avec ce que nous en percevons, et oublions que le monde n\u2019est pas issu de nous-m\u00eames. Ce qui donne la vie \u2026 <a class=\"continue-reading-link\" href=\"https:\/\/levangilealecran.com\/?p=1528\"> Continue reading <span class=\"meta-nav\">&rarr; <\/span><\/a><\/p>\n","protected":false},"author":2006,"featured_media":0,"comment_status":"open","ping_status":"open","sticky":false,"template":"","format":"standard","meta":{"footnotes":""},"categories":[4,5],"tags":[535,86],"class_list":["post-1528","post","type-post","status-publish","format-standard","hentry","category-dimanche","category-jean","tag-depassement","tag-esprit-saint"],"_links":{"self":[{"href":"https:\/\/levangilealecran.com\/index.php?rest_route=\/wp\/v2\/posts\/1528","targetHints":{"allow":["GET"]}}],"collection":[{"href":"https:\/\/levangilealecran.com\/index.php?rest_route=\/wp\/v2\/posts"}],"about":[{"href":"https:\/\/levangilealecran.com\/index.php?rest_route=\/wp\/v2\/types\/post"}],"author":[{"embeddable":true,"href":"https:\/\/levangilealecran.com\/index.php?rest_route=\/wp\/v2\/users\/2006"}],"replies":[{"embeddable":true,"href":"https:\/\/levangilealecran.com\/index.php?rest_route=%2Fwp%2Fv2%2Fcomments&post=1528"}],"version-history":[{"count":2,"href":"https:\/\/levangilealecran.com\/index.php?rest_route=\/wp\/v2\/posts\/1528\/revisions"}],"predecessor-version":[{"id":1531,"href":"https:\/\/levangilealecran.com\/index.php?rest_route=\/wp\/v2\/posts\/1528\/revisions\/1531"}],"wp:attachment":[{"href":"https:\/\/levangilealecran.com\/index.php?rest_route=%2Fwp%2Fv2%2Fmedia&parent=1528"}],"wp:term":[{"taxonomy":"category","embeddable":true,"href":"https:\/\/levangilealecran.com\/index.php?rest_route=%2Fwp%2Fv2%2Fcategories&post=1528"},{"taxonomy":"post_tag","embeddable":true,"href":"https:\/\/levangilealecran.com\/index.php?rest_route=%2Fwp%2Fv2%2Ftags&post=1528"}],"curies":[{"name":"wp","href":"https:\/\/api.w.org\/{rel}","templated":true}]}}