{"id":1523,"date":"2018-08-17T08:00:52","date_gmt":"2018-08-17T06:00:52","guid":{"rendered":"http:\/\/levangilealecran.com?p=1523"},"modified":"2018-08-15T23:03:26","modified_gmt":"2018-08-15T21:03:26","slug":"20e-dimanche-du-temps-ordinaire-b","status":"publish","type":"post","link":"https:\/\/levangilealecran.com\/?p=1523","title":{"rendered":"20e dimanche du temps ordinaire \u2013 B"},"content":{"rendered":"<blockquote><p>J\u00e9sus disait \u00e0 la foule : \u00ab Moi, je suis le pain vivant, qui est descendu du ciel : si quelqu\u2019un mange de ce pain, il vivra \u00e9ternellement. Le pain que je donnerai, c\u2019est ma chair, donn\u00e9e pour la vie du monde. \u00bb (Jean 6, 51)<\/p><\/blockquote>\n<p><strong>&gt; Il y a dans ces paroles fortes de J\u00e9sus, quelque chose qui touche le c\u0153ur de notre foi et m\u00eame de nos fois ! En effet, ce passage peut de prime abord souligner les interpr\u00e9tations diff\u00e9rentes qu\u2019en font les chr\u00e9tiens. Si les catholiques par exemple en donneront une interpr\u00e9tation litt\u00e9rale avec l\u2019eucharistie, chez les protestants cette interpr\u00e9tation sera davantage spirituelle. N\u00e9anmoins &#8211; et c\u2019est peut-\u00eatre l\u00e0 un point essentiel de l\u2019\u0153cum\u00e9nisme ? -, nous recevons tous le don de la personne de J\u00e9sus et la question est de savoir quelle cons\u00e9quence a ce don, ce que nous en faisons. J\u00e9sus s\u2019offre tout entier \u00e0 nous, il se fait nourriture, cette nourriture qui nous fait vivre. Comment \u00e0 notre tour recevons-nous cette nourriture, promesse de vie \u00e9ternelle ? Sommes-nous conscients de la transformation op\u00e9r\u00e9e dans nos corps tout entier par ce don de J\u00e9sus ?<\/strong><\/p>\n<p><strong>&gt; Cette semaine, r\u00e9fl\u00e9chissons \u00e0 ce don radical fait par J\u00e9sus de sa personne et \u00e0 la fa\u00e7on dont nous le recevons, personnellement. <\/strong><\/p>\n","protected":false},"excerpt":{"rendered":"<p>J\u00e9sus disait \u00e0 la foule : \u00ab Moi, je suis le pain vivant, qui est descendu du ciel : si quelqu\u2019un mange de ce pain, il vivra \u00e9ternellement. Le pain que je donnerai, c\u2019est ma chair, donn\u00e9e pour la vie du monde. \u00bb (Jean 6, 51) &gt; Il y a dans ces paroles fortes de J\u00e9sus, quelque chose qui touche le c\u0153ur de notre foi et m\u00eame de nos fois ! En effet, ce passage peut de prime abord souligner les interpr\u00e9tations diff\u00e9rentes qu\u2019en font les chr\u00e9tiens. Si les catholiques par exemple en donneront une interpr\u00e9tation litt\u00e9rale avec l\u2019eucharistie, chez les protestants cette interpr\u00e9tation sera davantage spirituelle. N\u00e9anmoins &#8211; et \u2026 <a class=\"continue-reading-link\" href=\"https:\/\/levangilealecran.com\/?p=1523\"> Continue reading <span class=\"meta-nav\">&rarr; <\/span><\/a><\/p>\n","protected":false},"author":2006,"featured_media":0,"comment_status":"open","ping_status":"open","sticky":false,"template":"","format":"standard","meta":{"footnotes":""},"categories":[4,5],"tags":[],"class_list":["post-1523","post","type-post","status-publish","format-standard","hentry","category-dimanche","category-jean"],"_links":{"self":[{"href":"https:\/\/levangilealecran.com\/index.php?rest_route=\/wp\/v2\/posts\/1523","targetHints":{"allow":["GET"]}}],"collection":[{"href":"https:\/\/levangilealecran.com\/index.php?rest_route=\/wp\/v2\/posts"}],"about":[{"href":"https:\/\/levangilealecran.com\/index.php?rest_route=\/wp\/v2\/types\/post"}],"author":[{"embeddable":true,"href":"https:\/\/levangilealecran.com\/index.php?rest_route=\/wp\/v2\/users\/2006"}],"replies":[{"embeddable":true,"href":"https:\/\/levangilealecran.com\/index.php?rest_route=%2Fwp%2Fv2%2Fcomments&post=1523"}],"version-history":[{"count":2,"href":"https:\/\/levangilealecran.com\/index.php?rest_route=\/wp\/v2\/posts\/1523\/revisions"}],"predecessor-version":[{"id":1526,"href":"https:\/\/levangilealecran.com\/index.php?rest_route=\/wp\/v2\/posts\/1523\/revisions\/1526"}],"wp:attachment":[{"href":"https:\/\/levangilealecran.com\/index.php?rest_route=%2Fwp%2Fv2%2Fmedia&parent=1523"}],"wp:term":[{"taxonomy":"category","embeddable":true,"href":"https:\/\/levangilealecran.com\/index.php?rest_route=%2Fwp%2Fv2%2Fcategories&post=1523"},{"taxonomy":"post_tag","embeddable":true,"href":"https:\/\/levangilealecran.com\/index.php?rest_route=%2Fwp%2Fv2%2Ftags&post=1523"}],"curies":[{"name":"wp","href":"https:\/\/api.w.org\/{rel}","templated":true}]}}