{"id":1520,"date":"2018-08-10T08:00:35","date_gmt":"2018-08-10T06:00:35","guid":{"rendered":"http:\/\/levangilealecran.com?p=1520"},"modified":"2018-08-02T19:46:49","modified_gmt":"2018-08-02T17:46:49","slug":"19e-dimanche-du-temps-ordinaire-b","status":"publish","type":"post","link":"https:\/\/levangilealecran.com\/?p=1520","title":{"rendered":"19e dimanche du temps ordinaire \u2013 B"},"content":{"rendered":"<div id=\"js_r\" class=\"_5pbx userContent _3ds9 _3576\" data-ft=\"{&quot;tn&quot;:&quot;K&quot;}\">\n<blockquote><p>\u00ab Amen, Amen, je vous le dis, il a la vie \u00e9ternelle, celui qui croit. Moi, je suis le pain de vie. \u00bb (Jean 6, 47-48)<\/p><\/blockquote>\n<p><strong>&gt; Sans pain, nous mourrons. Le peuple d\u2019Isra\u00ebl dans le d\u00e9sert a bien cru mourir, mais Dieu lui a envoy\u00e9 la manne. Les juifs du temps de J\u00e9sus ont bien cru mourir, mais Dieu leur a envoy\u00e9 son fils, J\u00e9sus, lui qui est le pain de vie et qui offre non seulement la vie, mais la vie \u00e9ternelle.<\/strong><\/p>\n<p><strong>Et aujourd\u2019hui ? Ne serait-ce pas la mort, spirituelle, qui nous guette nous aussi, dans une soci\u00e9t\u00e9 \u00ab d\u00e9sertique \u00bb o\u00f9 la dignit\u00e9 humaine est bien souvent bafou\u00e9e sur l\u2019autel de l\u2019\u00e9conomie, de la performance, du mat\u00e9rialisme ? Dieu a envoy\u00e9 pour nous aussi J\u00e9sus le Christ, le Sauveur, qui nous nourrit pour que nous ne tombions pas dans la mort spirituelle. Qu\u2019en faisons-nous r\u00e9ellement au quotidien, de ce pain de vie ?<\/strong><\/p>\n<p><strong>De retour de Madagascar, j\u2019ai \u00e9t\u00e9 touch\u00e9 par la foi de ces hommes et ces femmes, pauvres en apparence, mais tellement riches de cette confiance en la volont\u00e9 de leur Seigneur.<em> \u00ab Il est le pain de vie, et si je l\u2019ai avec moi, je ne crains rien. J\u2019ai la vie, et m\u00eame la vie \u00e9ternelle. \u00bb<\/em> Un beau message pour nos soci\u00e9t\u00e9s occidentales.<\/strong><\/p>\n<\/div>\n","protected":false},"excerpt":{"rendered":"<p>\u00ab Amen, Amen, je vous le dis, il a la vie \u00e9ternelle, celui qui croit. Moi, je suis le pain de vie. \u00bb (Jean 6, 47-48) &gt; Sans pain, nous mourrons. Le peuple d\u2019Isra\u00ebl dans le d\u00e9sert a bien cru mourir, mais Dieu lui a envoy\u00e9 la manne. Les juifs du temps de J\u00e9sus ont bien cru mourir, mais Dieu leur a envoy\u00e9 son fils, J\u00e9sus, lui qui est le pain de vie et qui offre non seulement la vie, mais la vie \u00e9ternelle. Et aujourd\u2019hui ? Ne serait-ce pas la mort, spirituelle, qui nous guette nous aussi, dans une soci\u00e9t\u00e9 \u00ab d\u00e9sertique \u00bb o\u00f9 la dignit\u00e9 humaine est bien \u2026 <a class=\"continue-reading-link\" href=\"https:\/\/levangilealecran.com\/?p=1520\"> Continue reading <span class=\"meta-nav\">&rarr; <\/span><\/a><\/p>\n","protected":false},"author":2006,"featured_media":0,"comment_status":"open","ping_status":"open","sticky":false,"template":"","format":"standard","meta":{"footnotes":""},"categories":[4,5],"tags":[],"class_list":["post-1520","post","type-post","status-publish","format-standard","hentry","category-dimanche","category-jean"],"_links":{"self":[{"href":"https:\/\/levangilealecran.com\/index.php?rest_route=\/wp\/v2\/posts\/1520","targetHints":{"allow":["GET"]}}],"collection":[{"href":"https:\/\/levangilealecran.com\/index.php?rest_route=\/wp\/v2\/posts"}],"about":[{"href":"https:\/\/levangilealecran.com\/index.php?rest_route=\/wp\/v2\/types\/post"}],"author":[{"embeddable":true,"href":"https:\/\/levangilealecran.com\/index.php?rest_route=\/wp\/v2\/users\/2006"}],"replies":[{"embeddable":true,"href":"https:\/\/levangilealecran.com\/index.php?rest_route=%2Fwp%2Fv2%2Fcomments&post=1520"}],"version-history":[{"count":1,"href":"https:\/\/levangilealecran.com\/index.php?rest_route=\/wp\/v2\/posts\/1520\/revisions"}],"predecessor-version":[{"id":1521,"href":"https:\/\/levangilealecran.com\/index.php?rest_route=\/wp\/v2\/posts\/1520\/revisions\/1521"}],"wp:attachment":[{"href":"https:\/\/levangilealecran.com\/index.php?rest_route=%2Fwp%2Fv2%2Fmedia&parent=1520"}],"wp:term":[{"taxonomy":"category","embeddable":true,"href":"https:\/\/levangilealecran.com\/index.php?rest_route=%2Fwp%2Fv2%2Fcategories&post=1520"},{"taxonomy":"post_tag","embeddable":true,"href":"https:\/\/levangilealecran.com\/index.php?rest_route=%2Fwp%2Fv2%2Ftags&post=1520"}],"curies":[{"name":"wp","href":"https:\/\/api.w.org\/{rel}","templated":true}]}}