{"id":1514,"date":"2018-07-27T08:00:05","date_gmt":"2018-07-27T06:00:05","guid":{"rendered":"http:\/\/levangilealecran.com?p=1514"},"modified":"2018-07-26T19:49:39","modified_gmt":"2018-07-26T17:49:39","slug":"17e-dimanche-du-temps-ordinaire-b","status":"publish","type":"post","link":"https:\/\/levangilealecran.com\/?p=1514","title":{"rendered":"17e dimanche du temps ordinaire \u2013 B"},"content":{"rendered":"<blockquote><p>\u00ab\u00a0Il y a l\u00e0 un jeune gar\u00e7on qui a cinq pains d\u2019orge et deux poissons.\u00a0\u00bb Jean 6,9<\/p><\/blockquote>\n<p><a title=\"\" href=\"http:\/\/levangilealecran.comwp-content\/uploads\/2018\/07\/20180729_jn69.png\"><img loading=\"lazy\" decoding=\"async\" class=\"aligncenter size-medium wp-image-1515\" title=\"\" src=\"http:\/\/levangilealecran.comwp-content\/uploads\/2018\/07\/20180729_jn69-300x300.png\" alt=\"\" width=\"300\" height=\"300\" srcset=\"https:\/\/levangilealecran.com\/wp-content\/uploads\/2018\/07\/20180729_jn69-300x300.png 300w, https:\/\/levangilealecran.com\/wp-content\/uploads\/2018\/07\/20180729_jn69-150x150.png 150w, https:\/\/levangilealecran.com\/wp-content\/uploads\/2018\/07\/20180729_jn69-768x768.png 768w, https:\/\/levangilealecran.com\/wp-content\/uploads\/2018\/07\/20180729_jn69-1024x1024.png 1024w, https:\/\/levangilealecran.com\/wp-content\/uploads\/2018\/07\/20180729_jn69-600x600.png 600w, https:\/\/levangilealecran.com\/wp-content\/uploads\/2018\/07\/20180729_jn69.png 1200w\" sizes=\"auto, (max-width: 300px) 100vw, 300px\" \/><\/a><\/p>\n<p><strong>&gt; Ce texte qui narre une des deux multiplications des pains contient un \u00e9l\u00e9ment cl\u00e9. J\u00e9sus a pu nourrir la foule nombreuse gr\u00e2ce aux pains et aux poissons du jeune qui \u00e9tait l\u00e0. Ce gar\u00e7on aurait pu se dire <em>\u00ab\u00a0\u00e0 quoi bon ? il n&rsquo;y a pas assez !\u00a0\u00bb<\/em> Ou alors il aurait peut-\u00eatre voulu le garder pour lui ou sa famille. Donn\u00e9 \u00e0 J\u00e9sus, ce peu de chose devient nourriture pour tout le monde. C\u2019est \u00e7a la puissance de Dieu : par son Esprit Il transforme et multiplie les dons que nous lui offrons.<\/strong><\/p>\n<p><strong>&gt; Cette semaine, m\u00eame s\u2019il nous semble ne pas peser lourd dans la balance, m\u00eame si notre cerveau nous prouve math\u00e9matiquement que ce que je donne en temps, argent, sourire, pri\u00e8re, nourriture, joie, \u00e9coute, etc\u2026 ne sert pas pour aider la foule nombreuse autour de nous, rappelons-nous que si nous agissons avec le c\u0153ur de Dieu, J\u00e9sus est capable de combler davantage, et il en restera en surplus !<\/strong><\/p>\n<p><strong>\u00a0<\/strong><\/p>\n","protected":false},"excerpt":{"rendered":"<p>\u00ab\u00a0Il y a l\u00e0 un jeune gar\u00e7on qui a cinq pains d\u2019orge et deux poissons.\u00a0\u00bb Jean 6,9 &gt; Ce texte qui narre une des deux multiplications des pains contient un \u00e9l\u00e9ment cl\u00e9. J\u00e9sus a pu nourrir la foule nombreuse gr\u00e2ce aux pains et aux poissons du jeune qui \u00e9tait l\u00e0. Ce gar\u00e7on aurait pu se dire \u00ab\u00a0\u00e0 quoi bon ? il n&rsquo;y a pas assez !\u00a0\u00bb Ou alors il aurait peut-\u00eatre voulu le garder pour lui ou sa famille. Donn\u00e9 \u00e0 J\u00e9sus, ce peu de chose devient nourriture pour tout le monde. C\u2019est \u00e7a la puissance de Dieu : par son Esprit Il transforme et multiplie les dons que nous \u2026 <a class=\"continue-reading-link\" href=\"https:\/\/levangilealecran.com\/?p=1514\"> Continue reading <span class=\"meta-nav\">&rarr; <\/span><\/a><\/p>\n","protected":false},"author":2006,"featured_media":0,"comment_status":"open","ping_status":"open","sticky":false,"template":"","format":"standard","meta":{"footnotes":""},"categories":[4,5],"tags":[92,644],"class_list":["post-1514","post","type-post","status-publish","format-standard","hentry","category-dimanche","category-jean","tag-don","tag-multiplication"],"_links":{"self":[{"href":"https:\/\/levangilealecran.com\/index.php?rest_route=\/wp\/v2\/posts\/1514","targetHints":{"allow":["GET"]}}],"collection":[{"href":"https:\/\/levangilealecran.com\/index.php?rest_route=\/wp\/v2\/posts"}],"about":[{"href":"https:\/\/levangilealecran.com\/index.php?rest_route=\/wp\/v2\/types\/post"}],"author":[{"embeddable":true,"href":"https:\/\/levangilealecran.com\/index.php?rest_route=\/wp\/v2\/users\/2006"}],"replies":[{"embeddable":true,"href":"https:\/\/levangilealecran.com\/index.php?rest_route=%2Fwp%2Fv2%2Fcomments&post=1514"}],"version-history":[{"count":1,"href":"https:\/\/levangilealecran.com\/index.php?rest_route=\/wp\/v2\/posts\/1514\/revisions"}],"predecessor-version":[{"id":1516,"href":"https:\/\/levangilealecran.com\/index.php?rest_route=\/wp\/v2\/posts\/1514\/revisions\/1516"}],"wp:attachment":[{"href":"https:\/\/levangilealecran.com\/index.php?rest_route=%2Fwp%2Fv2%2Fmedia&parent=1514"}],"wp:term":[{"taxonomy":"category","embeddable":true,"href":"https:\/\/levangilealecran.com\/index.php?rest_route=%2Fwp%2Fv2%2Fcategories&post=1514"},{"taxonomy":"post_tag","embeddable":true,"href":"https:\/\/levangilealecran.com\/index.php?rest_route=%2Fwp%2Fv2%2Ftags&post=1514"}],"curies":[{"name":"wp","href":"https:\/\/api.w.org\/{rel}","templated":true}]}}