{"id":1511,"date":"2018-07-20T08:00:16","date_gmt":"2018-07-20T06:00:16","guid":{"rendered":"http:\/\/levangilealecran.com?p=1511"},"modified":"2018-07-19T11:28:23","modified_gmt":"2018-07-19T09:28:23","slug":"16e-dimanche-du-temps-ordinaire-b","status":"publish","type":"post","link":"https:\/\/levangilealecran.com\/?p=1511","title":{"rendered":"16e dimanche du temps ordinaire &#8211; B"},"content":{"rendered":"<div id=\"js_x\" class=\"_5pbx userContent _3ds9 _3576\" data-ft=\"{&quot;tn&quot;:&quot;K&quot;}\">\n<blockquote><p>\u00ab\u00a0En d\u00e9barquant, J\u00e9sus vit une grande foule. Il fut saisi de compassion envers eux, parce qu\u2019ils \u00e9taient comme des brebis sans berger. Alors, il se mit \u00e0 les enseigner longuement.\u00a0\u00bb Mc 6, 34<\/p><\/blockquote>\n<p><strong>&gt; La foule que voit J\u00e9sus sur la rive l&rsquo;a pr\u00e9c\u00e9d\u00e9 ayant compris l&rsquo;intention de J\u00e9sus et de ses disciples de s&rsquo;isoler apr\u00e8s le retour de leur premi\u00e8re mission pour se reposer.<\/strong><\/p>\n<p><strong>&gt; J\u00e9sus fait fi de la fatigue et d\u00e9cide d&rsquo;enseigner la foule longuement. J\u00e9sus a toujours le temps pour ceux qui le cherchent et qui veulent apprendre \u00e0 le conna\u00eetre. M\u00eame si cela demande d&rsquo;aller \u00e0 sa rencontre et faire en sorte qu&rsquo;il nous voie devant lui sur cette autre rive.<\/strong><\/p>\n<p><strong>&gt; Durant ces vacances, n&rsquo;oublions pas d&rsquo;aller \u00e0 sa rencontre. J\u00e9sus ne prend pas de vacances ! Profitons-en pour prendre le temps de la rencontre et pourquoi pas franchir la porte de notre lieu de culte dans la semaine et pas simplement le dimanche.<\/strong><\/p>\n<\/div>\n","protected":false},"excerpt":{"rendered":"<p>\u00ab\u00a0En d\u00e9barquant, J\u00e9sus vit une grande foule. Il fut saisi de compassion envers eux, parce qu\u2019ils \u00e9taient comme des brebis sans berger. Alors, il se mit \u00e0 les enseigner longuement.\u00a0\u00bb Mc 6, 34 &gt; La foule que voit J\u00e9sus sur la rive l&rsquo;a pr\u00e9c\u00e9d\u00e9 ayant compris l&rsquo;intention de J\u00e9sus et de ses disciples de s&rsquo;isoler apr\u00e8s le retour de leur premi\u00e8re mission pour se reposer. &gt; J\u00e9sus fait fi de la fatigue et d\u00e9cide d&rsquo;enseigner la foule longuement. J\u00e9sus a toujours le temps pour ceux qui le cherchent et qui veulent apprendre \u00e0 le conna\u00eetre. M\u00eame si cela demande d&rsquo;aller \u00e0 sa rencontre et faire en sorte qu&rsquo;il nous voie \u2026 <a class=\"continue-reading-link\" href=\"https:\/\/levangilealecran.com\/?p=1511\"> Continue reading <span class=\"meta-nav\">&rarr; <\/span><\/a><\/p>\n","protected":false},"author":2006,"featured_media":0,"comment_status":"open","ping_status":"open","sticky":false,"template":"","format":"standard","meta":{"footnotes":""},"categories":[4,7],"tags":[242,102],"class_list":["post-1511","post","type-post","status-publish","format-standard","hentry","category-dimanche","category-marc","tag-prendre-le-temps","tag-vacances"],"_links":{"self":[{"href":"https:\/\/levangilealecran.com\/index.php?rest_route=\/wp\/v2\/posts\/1511","targetHints":{"allow":["GET"]}}],"collection":[{"href":"https:\/\/levangilealecran.com\/index.php?rest_route=\/wp\/v2\/posts"}],"about":[{"href":"https:\/\/levangilealecran.com\/index.php?rest_route=\/wp\/v2\/types\/post"}],"author":[{"embeddable":true,"href":"https:\/\/levangilealecran.com\/index.php?rest_route=\/wp\/v2\/users\/2006"}],"replies":[{"embeddable":true,"href":"https:\/\/levangilealecran.com\/index.php?rest_route=%2Fwp%2Fv2%2Fcomments&post=1511"}],"version-history":[{"count":1,"href":"https:\/\/levangilealecran.com\/index.php?rest_route=\/wp\/v2\/posts\/1511\/revisions"}],"predecessor-version":[{"id":1512,"href":"https:\/\/levangilealecran.com\/index.php?rest_route=\/wp\/v2\/posts\/1511\/revisions\/1512"}],"wp:attachment":[{"href":"https:\/\/levangilealecran.com\/index.php?rest_route=%2Fwp%2Fv2%2Fmedia&parent=1511"}],"wp:term":[{"taxonomy":"category","embeddable":true,"href":"https:\/\/levangilealecran.com\/index.php?rest_route=%2Fwp%2Fv2%2Fcategories&post=1511"},{"taxonomy":"post_tag","embeddable":true,"href":"https:\/\/levangilealecran.com\/index.php?rest_route=%2Fwp%2Fv2%2Ftags&post=1511"}],"curies":[{"name":"wp","href":"https:\/\/api.w.org\/{rel}","templated":true}]}}