{"id":1504,"date":"2018-06-29T11:33:34","date_gmt":"2018-06-29T09:33:34","guid":{"rendered":"http:\/\/levangilealecran.com?p=1504"},"modified":"2018-06-29T11:33:34","modified_gmt":"2018-06-29T09:33:34","slug":"13e-dimanche-du-temps-ordinaire-b","status":"publish","type":"post","link":"https:\/\/levangilealecran.com\/?p=1504","title":{"rendered":"13e dimanche du temps ordinaire &#8211; B"},"content":{"rendered":"<blockquote><p>\u00ab Ne crains pas, crois seulement. \u00bb (Marc 5, 36)<\/p><\/blockquote>\n<p><strong>&gt; En cinq mots, J\u00e9sus offre \u00e0 Ja\u00efrus, ce chef de la synagogue dont la fille est mourante, un condens\u00e9 d\u2019Evangile.<\/strong><\/p>\n<p><strong>\u00ab Ne crains pas \u00bb, d\u2019abord. Devant les malheurs du monde, du terrorisme au consum\u00e9risme et \u00e0 l\u2019individualisme, en passant par les d\u00e9pressions et les burn-out, devant les douleurs de la mort et de la maladie, devant la peur de ne pas \u00eatre \u00e0 la hauteur, de ne pas faire juste, de ne pas \u00eatre aim\u00e9, Dieu r\u00e9pond par la gr\u00e2ce. Ne crains pas, car je t\u2019offre tout mon amour. Toute ma gr\u00e2ce.<\/strong><\/p>\n<p><strong>\u00ab Crois seulement \u00bb, ensuite. C\u2019est le mouvement initi\u00e9 par la gr\u00e2ce, celui de la foi, de la confiance. Mais pas une confiance passive, mais une foi qui fait d\u00e9placer des montagnes. Qui pousse Ja\u00efrus \u00e0 se tourner vers J\u00e9sus, \u00e0 fendre la foule et passer par-dessus les rejets des disciples pour quand m\u00eame aller \u00e0 lui. La foi demande du courage, et demande d\u2019\u00eatre actif dans le monde.<\/strong><\/p>\n<p><strong>\u00ab Ne crains pas, crois seulement. \u00bb Cette semaine, cette phrase nous est adress\u00e9e, \u00e0 chacun.e de nous dans nos situations particuli\u00e8res. J\u00e9sus nous invite \u00e0 d\u00e9poser nos peurs et \u00e0 lui faire confiance, tout en osant faire les d\u00e9marches que la foi exige. Un condens\u00e9 d\u2019Evangile \u00e0 vivre dans notre quotidien.<\/strong><\/p>\n","protected":false},"excerpt":{"rendered":"<p>\u00ab Ne crains pas, crois seulement. \u00bb (Marc 5, 36) &gt; En cinq mots, J\u00e9sus offre \u00e0 Ja\u00efrus, ce chef de la synagogue dont la fille est mourante, un condens\u00e9 d\u2019Evangile. \u00ab Ne crains pas \u00bb, d\u2019abord. Devant les malheurs du monde, du terrorisme au consum\u00e9risme et \u00e0 l\u2019individualisme, en passant par les d\u00e9pressions et les burn-out, devant les douleurs de la mort et de la maladie, devant la peur de ne pas \u00eatre \u00e0 la hauteur, de ne pas faire juste, de ne pas \u00eatre aim\u00e9, Dieu r\u00e9pond par la gr\u00e2ce. Ne crains pas, car je t\u2019offre tout mon amour. Toute ma gr\u00e2ce. \u00ab Crois seulement \u00bb, ensuite. C\u2019est \u2026 <a class=\"continue-reading-link\" href=\"https:\/\/levangilealecran.com\/?p=1504\"> Continue reading <span class=\"meta-nav\">&rarr; <\/span><\/a><\/p>\n","protected":false},"author":2006,"featured_media":0,"comment_status":"open","ping_status":"open","sticky":false,"template":"","format":"standard","meta":{"footnotes":""},"categories":[4,7],"tags":[26,80,76,162],"class_list":["post-1504","post","type-post","status-publish","format-standard","hentry","category-dimanche","category-marc","tag-confiance","tag-evangile","tag-foi","tag-peur"],"_links":{"self":[{"href":"https:\/\/levangilealecran.com\/index.php?rest_route=\/wp\/v2\/posts\/1504","targetHints":{"allow":["GET"]}}],"collection":[{"href":"https:\/\/levangilealecran.com\/index.php?rest_route=\/wp\/v2\/posts"}],"about":[{"href":"https:\/\/levangilealecran.com\/index.php?rest_route=\/wp\/v2\/types\/post"}],"author":[{"embeddable":true,"href":"https:\/\/levangilealecran.com\/index.php?rest_route=\/wp\/v2\/users\/2006"}],"replies":[{"embeddable":true,"href":"https:\/\/levangilealecran.com\/index.php?rest_route=%2Fwp%2Fv2%2Fcomments&post=1504"}],"version-history":[{"count":1,"href":"https:\/\/levangilealecran.com\/index.php?rest_route=\/wp\/v2\/posts\/1504\/revisions"}],"predecessor-version":[{"id":1505,"href":"https:\/\/levangilealecran.com\/index.php?rest_route=\/wp\/v2\/posts\/1504\/revisions\/1505"}],"wp:attachment":[{"href":"https:\/\/levangilealecran.com\/index.php?rest_route=%2Fwp%2Fv2%2Fmedia&parent=1504"}],"wp:term":[{"taxonomy":"category","embeddable":true,"href":"https:\/\/levangilealecran.com\/index.php?rest_route=%2Fwp%2Fv2%2Fcategories&post=1504"},{"taxonomy":"post_tag","embeddable":true,"href":"https:\/\/levangilealecran.com\/index.php?rest_route=%2Fwp%2Fv2%2Ftags&post=1504"}],"curies":[{"name":"wp","href":"https:\/\/api.w.org\/{rel}","templated":true}]}}