{"id":1492,"date":"2018-06-15T08:00:56","date_gmt":"2018-06-15T06:00:56","guid":{"rendered":"http:\/\/levangilealecran.com?p=1492"},"modified":"2018-06-13T16:39:50","modified_gmt":"2018-06-13T14:39:50","slug":"11e-dimanche-b-2","status":"publish","type":"post","link":"https:\/\/levangilealecran.com\/?p=1492","title":{"rendered":"11e dimanche &#8211; B"},"content":{"rendered":"<div data-contents=\"true\">\n<div class=\"\" data-block=\"true\" data-editor=\"cc2h4\" data-offset-key=\"2gsdd-0-0\">\n<blockquote>\n<div class=\"_1mf _1mj\" data-offset-key=\"2gsdd-0-0\"><span data-offset-key=\"2gsdd-0-0\">\u00ab\u00a0Il en est du r\u00e8gne de Dieu comme d\u2019un homme qui jette en terre la semence : nuit et jour, qu\u2019il dorme ou qu\u2019il se l\u00e8ve, la semence germe et grandit, il ne sait comment.\u00a0\u00bb Marc 4,27<\/span><\/div>\n<\/blockquote>\n<div data-offset-key=\"2gsdd-0-0\"><a title=\"\" href=\"http:\/\/levangilealecran.comwp-content\/uploads\/2018\/06\/20180617_mc427.png\"><img loading=\"lazy\" decoding=\"async\" class=\"aligncenter size-medium wp-image-1494\" title=\"\" src=\"http:\/\/levangilealecran.comwp-content\/uploads\/2018\/06\/20180617_mc427-300x300.png\" alt=\"\" width=\"300\" height=\"300\" srcset=\"https:\/\/levangilealecran.com\/wp-content\/uploads\/2018\/06\/20180617_mc427-300x300.png 300w, https:\/\/levangilealecran.com\/wp-content\/uploads\/2018\/06\/20180617_mc427-150x150.png 150w, https:\/\/levangilealecran.com\/wp-content\/uploads\/2018\/06\/20180617_mc427-768x768.png 768w, https:\/\/levangilealecran.com\/wp-content\/uploads\/2018\/06\/20180617_mc427-1024x1024.png 1024w, https:\/\/levangilealecran.com\/wp-content\/uploads\/2018\/06\/20180617_mc427-600x600.png 600w, https:\/\/levangilealecran.com\/wp-content\/uploads\/2018\/06\/20180617_mc427.png 1200w\" sizes=\"auto, (max-width: 300px) 100vw, 300px\" \/><\/a><\/div>\n<\/div>\n<\/div>\n<div data-contents=\"true\">\n<div class=\"\" data-block=\"true\" data-editor=\"cc2h4\" data-offset-key=\"9uld5-0-0\">\n<div class=\"_1mf _1mj\" data-offset-key=\"9uld5-0-0\"><strong>&gt; Si J\u00e9sus utilisait cette analogie aujourd\u2019hui il se trouverait forc\u00e9ment quelqu&rsquo;un pour lui r\u00e9torquer : \u00ab\u00a0N\u2019importe quoi ! Bien s\u00fbr que si ! Moi je sais comment la graine pousse\u2026\u00a0\u00bb. C\u2019est vrai, la science peut d\u00e9sormais expliquer beaucoup de comment\u2026 mais pas pourquoi\u2026 pour quoi ! Dans quel but ?<\/strong><\/div>\n<\/div>\n<div class=\"\" data-block=\"true\" data-editor=\"cc2h4\" data-offset-key=\"dr61m-0-0\">\n<div class=\"_1mf _1mj\" data-offset-key=\"dr61m-0-0\"><strong>\u00a0<\/strong><\/div>\n<\/div>\n<div class=\"\" data-block=\"true\" data-editor=\"cc2h4\" data-offset-key=\"c1tr3-0-0\">\n<div class=\"_1mf _1mj\" data-offset-key=\"c1tr3-0-0\"><strong>Nous ne savons pas tout, et ce texte nous invite justement \u00e0 ne pas tout savoir mais faire confiance que quelque chose est en train de se passer, de grandir en nous, quoi que l\u2019on fasse et qui ne d\u00e9pends pas de nous. Nous ne pouvons pas faire pousser la vie en nous. C\u2019est Dieu qui en est la source.<\/strong><\/div>\n<\/div>\n<div class=\"\" data-block=\"true\" data-editor=\"cc2h4\" data-offset-key=\"fqi2m-0-0\">\n<div class=\"_1mf _1mj\" data-offset-key=\"fqi2m-0-0\"><strong>\u00a0<\/strong><\/div>\n<\/div>\n<div class=\"\" data-block=\"true\" data-editor=\"cc2h4\" data-offset-key=\"6hjb5-0-0\">\n<div class=\"_1mf _1mj\" data-offset-key=\"6hjb5-0-0\"><strong>Certaines graines restent des mois en terre sans que nous puissions en apercevoir les premi\u00e8res pousses. Parfois la vie semble \u00e0 l\u2019arr\u00eat. Le temps file mais rien ne semble bouger. Nous sommes appel\u00e9s \u00e0 garder confiance que la vie est en train de se d\u00e9velopper. <\/strong><\/div>\n<\/div>\n<div class=\"\" data-block=\"true\" data-editor=\"cc2h4\" data-offset-key=\"4d069-0-0\">\n<div class=\"_1mf _1mj\" data-offset-key=\"4d069-0-0\"><strong>\u00a0<\/strong><\/div>\n<\/div>\n<div class=\"\" data-block=\"true\" data-editor=\"cc2h4\" data-offset-key=\"7k0mn-0-0\">\n<div class=\"_1mf _1mj\" data-offset-key=\"7k0mn-0-0\"><span data-offset-key=\"7k0mn-0-0\"><strong>&gt; Cette semaine prions pour que les situations qui nous semblent inextricables soit \u00e9clair\u00e9es par la lumi\u00e8re de Dieu et arros\u00e9es par l\u2019Esprit Saint. Notre marge de man\u0153uvre, c\u2019est de continuer \u00e0 prendre soin de la terre des uns et des autres afin que les graines de la parole vie qui y sont sem\u00e9es puissent s\u2019\u00e9panouir.<\/strong> <\/span><\/div>\n<\/div>\n<\/div>\n","protected":false},"excerpt":{"rendered":"<p>\u00ab\u00a0Il en est du r\u00e8gne de Dieu comme d\u2019un homme qui jette en terre la semence : nuit et jour, qu\u2019il dorme ou qu\u2019il se l\u00e8ve, la semence germe et grandit, il ne sait comment.\u00a0\u00bb Marc 4,27 &gt; Si J\u00e9sus utilisait cette analogie aujourd\u2019hui il se trouverait forc\u00e9ment quelqu&rsquo;un pour lui r\u00e9torquer : \u00ab\u00a0N\u2019importe quoi ! Bien s\u00fbr que si ! Moi je sais comment la graine pousse\u2026\u00a0\u00bb. C\u2019est vrai, la science peut d\u00e9sormais expliquer beaucoup de comment\u2026 mais pas pourquoi\u2026 pour quoi ! Dans quel but ? \u00a0 Nous ne savons pas tout, et ce texte nous invite justement \u00e0 ne pas tout savoir mais faire confiance que quelque \u2026 <a class=\"continue-reading-link\" href=\"https:\/\/levangilealecran.com\/?p=1492\"> Continue reading <span class=\"meta-nav\">&rarr; <\/span><\/a><\/p>\n","protected":false},"author":2006,"featured_media":0,"comment_status":"open","ping_status":"open","sticky":false,"template":"","format":"standard","meta":{"footnotes":""},"categories":[4,7],"tags":[26,633,52],"class_list":["post-1492","post","type-post","status-publish","format-standard","hentry","category-dimanche","category-marc","tag-confiance","tag-se-preparer","tag-vie"],"_links":{"self":[{"href":"https:\/\/levangilealecran.com\/index.php?rest_route=\/wp\/v2\/posts\/1492","targetHints":{"allow":["GET"]}}],"collection":[{"href":"https:\/\/levangilealecran.com\/index.php?rest_route=\/wp\/v2\/posts"}],"about":[{"href":"https:\/\/levangilealecran.com\/index.php?rest_route=\/wp\/v2\/types\/post"}],"author":[{"embeddable":true,"href":"https:\/\/levangilealecran.com\/index.php?rest_route=\/wp\/v2\/users\/2006"}],"replies":[{"embeddable":true,"href":"https:\/\/levangilealecran.com\/index.php?rest_route=%2Fwp%2Fv2%2Fcomments&post=1492"}],"version-history":[{"count":4,"href":"https:\/\/levangilealecran.com\/index.php?rest_route=\/wp\/v2\/posts\/1492\/revisions"}],"predecessor-version":[{"id":1500,"href":"https:\/\/levangilealecran.com\/index.php?rest_route=\/wp\/v2\/posts\/1492\/revisions\/1500"}],"wp:attachment":[{"href":"https:\/\/levangilealecran.com\/index.php?rest_route=%2Fwp%2Fv2%2Fmedia&parent=1492"}],"wp:term":[{"taxonomy":"category","embeddable":true,"href":"https:\/\/levangilealecran.com\/index.php?rest_route=%2Fwp%2Fv2%2Fcategories&post=1492"},{"taxonomy":"post_tag","embeddable":true,"href":"https:\/\/levangilealecran.com\/index.php?rest_route=%2Fwp%2Fv2%2Ftags&post=1492"}],"curies":[{"name":"wp","href":"https:\/\/api.w.org\/{rel}","templated":true}]}}