{"id":1480,"date":"2018-05-25T10:23:51","date_gmt":"2018-05-25T08:23:51","guid":{"rendered":"http:\/\/levangilealecran.com?p=1480"},"modified":"2018-05-25T16:19:12","modified_gmt":"2018-05-25T14:19:12","slug":"trinite-b","status":"publish","type":"post","link":"https:\/\/levangilealecran.com\/?p=1480","title":{"rendered":"Trinit\u00e9 &#8211; B"},"content":{"rendered":"<blockquote><p>\u00ab Et moi, je suis avec vous\u00a0tous les jours jusqu\u2019\u00e0 la fin du monde. \u00bb Mt 28, 20<\/p><\/blockquote>\n<p><strong>&gt; Ce que J\u00e9sus dit ici \u00e0 ses disciples est le fondement de notre esp\u00e9rance : il est avec nous tous les jours. 2000 ans apr\u00e8s ces paroles nous sommes nombreux \u00e0 pouvoir en t\u00e9moigner, \u00e0 en avoir fait l\u2019exp\u00e9rience, \u00e0 en faire l\u2019exp\u00e9rience.\u00a0Du coup, comment se concr\u00e9tise-t-elle dans notre vie quotidienne, cette certitude de la pr\u00e9sence vivante de Dieu \u00e0 nos c\u00f4t\u00e9s ? Comment nous rendons-nous pr\u00e9sents \u00e0 l<span class=\"text_exposed_show\">ui ?<\/span><\/strong><\/p>\n<div class=\"text_exposed_show\">\n<p><strong>On sait que J\u00e9sus reviendra \u00e0 la fin des temps mais nous n\u2019avons pas besoin d\u2019attendre ce retour pour d\u00e9j\u00e0 \u00eatre avec lui. Alors cette semaine, soyons particuli\u00e8rement attentifs \u00e0 la pr\u00e9sence fid\u00e8le du Christ \u00e0 nos c\u00f4t\u00e9s et \u00e0 la fa\u00e7on dont nous r\u00e9pondons \u00e0 cette pr\u00e9sence : par la pri\u00e8re, par le soin que nous mettons dans nos actes, par un amour d\u00e9licat envers notre entourage&#8230;<\/strong><\/p>\n<\/div>\n","protected":false},"excerpt":{"rendered":"<p>\u00ab Et moi, je suis avec vous\u00a0tous les jours jusqu\u2019\u00e0 la fin du monde. \u00bb Mt 28, 20 &gt; Ce que J\u00e9sus dit ici \u00e0 ses disciples est le fondement de notre esp\u00e9rance : il est avec nous tous les jours. 2000 ans apr\u00e8s ces paroles nous sommes nombreux \u00e0 pouvoir en t\u00e9moigner, \u00e0 en avoir fait l\u2019exp\u00e9rience, \u00e0 en faire l\u2019exp\u00e9rience.\u00a0Du coup, comment se concr\u00e9tise-t-elle dans notre vie quotidienne, cette certitude de la pr\u00e9sence vivante de Dieu \u00e0 nos c\u00f4t\u00e9s ? Comment nous rendons-nous pr\u00e9sents \u00e0 lui ? On sait que J\u00e9sus reviendra \u00e0 la fin des temps mais nous n\u2019avons pas besoin d\u2019attendre ce retour pour d\u00e9j\u00e0 \u00eatre \u2026 <a class=\"continue-reading-link\" href=\"https:\/\/levangilealecran.com\/?p=1480\"> Continue reading <span class=\"meta-nav\">&rarr; <\/span><\/a><\/p>\n","protected":false},"author":2006,"featured_media":0,"comment_status":"open","ping_status":"open","sticky":false,"template":"","format":"standard","meta":{"footnotes":""},"categories":[4,8],"tags":[],"class_list":["post-1480","post","type-post","status-publish","format-standard","hentry","category-dimanche","category-matthieu"],"_links":{"self":[{"href":"https:\/\/levangilealecran.com\/index.php?rest_route=\/wp\/v2\/posts\/1480","targetHints":{"allow":["GET"]}}],"collection":[{"href":"https:\/\/levangilealecran.com\/index.php?rest_route=\/wp\/v2\/posts"}],"about":[{"href":"https:\/\/levangilealecran.com\/index.php?rest_route=\/wp\/v2\/types\/post"}],"author":[{"embeddable":true,"href":"https:\/\/levangilealecran.com\/index.php?rest_route=\/wp\/v2\/users\/2006"}],"replies":[{"embeddable":true,"href":"https:\/\/levangilealecran.com\/index.php?rest_route=%2Fwp%2Fv2%2Fcomments&post=1480"}],"version-history":[{"count":2,"href":"https:\/\/levangilealecran.com\/index.php?rest_route=\/wp\/v2\/posts\/1480\/revisions"}],"predecessor-version":[{"id":1483,"href":"https:\/\/levangilealecran.com\/index.php?rest_route=\/wp\/v2\/posts\/1480\/revisions\/1483"}],"wp:attachment":[{"href":"https:\/\/levangilealecran.com\/index.php?rest_route=%2Fwp%2Fv2%2Fmedia&parent=1480"}],"wp:term":[{"taxonomy":"category","embeddable":true,"href":"https:\/\/levangilealecran.com\/index.php?rest_route=%2Fwp%2Fv2%2Fcategories&post=1480"},{"taxonomy":"post_tag","embeddable":true,"href":"https:\/\/levangilealecran.com\/index.php?rest_route=%2Fwp%2Fv2%2Ftags&post=1480"}],"curies":[{"name":"wp","href":"https:\/\/api.w.org\/{rel}","templated":true}]}}