{"id":1475,"date":"2018-05-18T10:19:30","date_gmt":"2018-05-18T08:19:30","guid":{"rendered":"http:\/\/levangilealecran.com?p=1475"},"modified":"2018-05-18T10:20:25","modified_gmt":"2018-05-18T08:20:25","slug":"pentecote-b","status":"publish","type":"post","link":"https:\/\/levangilealecran.com\/?p=1475","title":{"rendered":"Pentec\u00f4te &#8211; B"},"content":{"rendered":"<blockquote><p>\u00ab En ce temps-l\u00e0, J\u00e9sus disait \u00e0 ses disciples : \u00ab Quand viendra le D\u00e9fenseur, que je vous enverrai d\u2019aupr\u00e8s du P\u00e8re, lui, l\u2019Esprit de v\u00e9rit\u00e9 qui proc\u00e8de du P\u00e8re, il rendra t\u00e9moignage en ma faveur. \u00bb (Jean 15, 26)<\/p><\/blockquote>\n<p><a href=\"http:\/\/levangilealecran.comwp-content\/uploads\/2018\/05\/ImageEvEcr2018_05_20.jpg\"><img loading=\"lazy\" decoding=\"async\" class=\"aligncenter size-medium wp-image-1476\" src=\"http:\/\/levangilealecran.comwp-content\/uploads\/2018\/05\/ImageEvEcr2018_05_20-300x300.jpg\" alt=\"\" width=\"300\" height=\"300\" srcset=\"https:\/\/levangilealecran.com\/wp-content\/uploads\/2018\/05\/ImageEvEcr2018_05_20-300x300.jpg 300w, https:\/\/levangilealecran.com\/wp-content\/uploads\/2018\/05\/ImageEvEcr2018_05_20-150x150.jpg 150w, https:\/\/levangilealecran.com\/wp-content\/uploads\/2018\/05\/ImageEvEcr2018_05_20.jpg 600w\" sizes=\"auto, (max-width: 300px) 100vw, 300px\" \/><\/a><\/p>\n<p><strong>&gt; Esprit Saint qui vient du P\u00e8re<\/strong><br \/>\n<strong>Donn\u00e9 pour tous, pour nos s\u0153urs et nos fr\u00e8res<\/strong><br \/>\n<strong>Pour t\u00e9moigner au monde<\/strong><br \/>\n<strong>Que l\u2019amour de ce Dieu trinitaire f\u00e9conde.<\/strong><\/p>\n<p><strong>Esprit d\u00e9fenseur<\/strong><br \/>\n<strong>Lui le consolateur<\/strong><br \/>\n<strong>Qui vient nous porter dans nos \u00e9preuves<\/strong><br \/>\n<strong>Et nous offrir la tendresse de ce Dieu qui abreuve.<\/strong><\/p>\n<p><strong>Esprit de v\u00e9rit\u00e9<\/strong><br \/>\n<strong>Qui nous aide \u00e0 avancer, en toute honn\u00eatet\u00e9<\/strong><br \/>\n<strong>Qui nous conduit toujours plus en avant, m\u00eame fragiles<\/strong><br \/>\n<strong>Dans la compr\u00e9hension de cette bonne nouvelle pour nous qu\u2019est l\u2019Evangile.<\/strong><\/p>\n<p><strong>Esprit de libert\u00e9<\/strong><br \/>\n<strong>Qui souffle l\u00e0 o\u00f9 il veut, en rien limit\u00e9,<\/strong><br \/>\n<strong>Qui ouvre le champs des possibles de demain et d\u2019aujourd\u2019hui<\/strong><br \/>\n<strong>Qui nous invite, avec confiance, \u00e0 nous abandonner \u00e0 lui.<\/strong><\/p>\n<p><strong>Esprit de simplicit\u00e9,<\/strong><br \/>\n<strong>Qui nous aide \u00e0 prier, au c\u0153ur de notre vuln\u00e9rabilit\u00e9<\/strong><br \/>\n<strong>Comme avec ces mots si simples, presque nus,<\/strong><br \/>\n<strong>De Fr\u00e8re Roger, ancien prieur de cette communaut\u00e9 de Taiz\u00e9 bien connue :<\/strong><\/p>\n<p style=\"text-align: center;\"><em>\u00ab Esprit Saint,<\/em><br \/>\n<em>myst\u00e8re d\u2019une pr\u00e9sence<\/em><br \/>\n<em>\u00e0 chacun de nous tu dis :<\/em><br \/>\n<em>pourquoi t\u2019inqui\u00e9ter ?<\/em><br \/>\n<em>Une seule chose est n\u00e9cessaire :<\/em><br \/>\n<em>un c\u0153ur \u00e0 l\u2019\u00e9coute<\/em><br \/>\n<em>pour comprendre<\/em><br \/>\n<em>que Dieu t\u2019aime<\/em><br \/>\n<em>et toujours te pardonne. \u00bb<\/em><\/p>\n","protected":false},"excerpt":{"rendered":"<p>\u00ab En ce temps-l\u00e0, J\u00e9sus disait \u00e0 ses disciples : \u00ab Quand viendra le D\u00e9fenseur, que je vous enverrai d\u2019aupr\u00e8s du P\u00e8re, lui, l\u2019Esprit de v\u00e9rit\u00e9 qui proc\u00e8de du P\u00e8re, il rendra t\u00e9moignage en ma faveur. \u00bb (Jean 15, 26) &gt; Esprit Saint qui vient du P\u00e8re Donn\u00e9 pour tous, pour nos s\u0153urs et nos fr\u00e8res Pour t\u00e9moigner au monde Que l\u2019amour de ce Dieu trinitaire f\u00e9conde. Esprit d\u00e9fenseur Lui le consolateur Qui vient nous porter dans nos \u00e9preuves Et nous offrir la tendresse de ce Dieu qui abreuve. Esprit de v\u00e9rit\u00e9 Qui nous aide \u00e0 avancer, en toute honn\u00eatet\u00e9 Qui nous conduit toujours plus en avant, m\u00eame fragiles Dans \u2026 <a class=\"continue-reading-link\" href=\"https:\/\/levangilealecran.com\/?p=1475\"> Continue reading <span class=\"meta-nav\">&rarr; <\/span><\/a><\/p>\n","protected":false},"author":2006,"featured_media":0,"comment_status":"open","ping_status":"open","sticky":false,"template":"","format":"standard","meta":{"footnotes":""},"categories":[4,24,5],"tags":[86,87,639,640],"class_list":["post-1475","post","type-post","status-publish","format-standard","hentry","category-dimanche","category-fetes","category-jean","tag-esprit-saint","tag-pentecote","tag-souffle","tag-taize"],"_links":{"self":[{"href":"https:\/\/levangilealecran.com\/index.php?rest_route=\/wp\/v2\/posts\/1475","targetHints":{"allow":["GET"]}}],"collection":[{"href":"https:\/\/levangilealecran.com\/index.php?rest_route=\/wp\/v2\/posts"}],"about":[{"href":"https:\/\/levangilealecran.com\/index.php?rest_route=\/wp\/v2\/types\/post"}],"author":[{"embeddable":true,"href":"https:\/\/levangilealecran.com\/index.php?rest_route=\/wp\/v2\/users\/2006"}],"replies":[{"embeddable":true,"href":"https:\/\/levangilealecran.com\/index.php?rest_route=%2Fwp%2Fv2%2Fcomments&post=1475"}],"version-history":[{"count":3,"href":"https:\/\/levangilealecran.com\/index.php?rest_route=\/wp\/v2\/posts\/1475\/revisions"}],"predecessor-version":[{"id":1479,"href":"https:\/\/levangilealecran.com\/index.php?rest_route=\/wp\/v2\/posts\/1475\/revisions\/1479"}],"wp:attachment":[{"href":"https:\/\/levangilealecran.com\/index.php?rest_route=%2Fwp%2Fv2%2Fmedia&parent=1475"}],"wp:term":[{"taxonomy":"category","embeddable":true,"href":"https:\/\/levangilealecran.com\/index.php?rest_route=%2Fwp%2Fv2%2Fcategories&post=1475"},{"taxonomy":"post_tag","embeddable":true,"href":"https:\/\/levangilealecran.com\/index.php?rest_route=%2Fwp%2Fv2%2Ftags&post=1475"}],"curies":[{"name":"wp","href":"https:\/\/api.w.org\/{rel}","templated":true}]}}