{"id":1472,"date":"2018-05-11T08:00:59","date_gmt":"2018-05-11T06:00:59","guid":{"rendered":"http:\/\/levangilealecran.com?p=1472"},"modified":"2018-05-10T13:04:47","modified_gmt":"2018-05-10T11:04:47","slug":"7e-dimanche-de-paques-b-2","status":"publish","type":"post","link":"https:\/\/levangilealecran.com\/?p=1472","title":{"rendered":"7e dimanche de P\u00e2ques \u2013 B"},"content":{"rendered":"<div class=\"_5pbx userContent _3576\" data-ft=\"{&quot;tn&quot;:&quot;K&quot;}\">\n<blockquote><p>\u00ab\u00a0P\u00e8re saint, garde en ton nom ceux que tu m\u2019as donn\u00e9s, afin qu\u2019ils soient un comme nous. (Jean 17, 11)\u00a0\u00bb<\/p><\/blockquote>\n<p><a title=\"\" href=\"http:\/\/levangilealecran.comwp-content\/uploads\/2018\/05\/20180513_jn1711.png\"><img loading=\"lazy\" decoding=\"async\" class=\"aligncenter size-medium wp-image-1473\" src=\"http:\/\/levangilealecran.comwp-content\/uploads\/2018\/05\/20180513_jn1711-300x300.png\" alt=\"\" width=\"300\" height=\"300\" srcset=\"https:\/\/levangilealecran.com\/wp-content\/uploads\/2018\/05\/20180513_jn1711-300x300.png 300w, https:\/\/levangilealecran.com\/wp-content\/uploads\/2018\/05\/20180513_jn1711-150x150.png 150w, https:\/\/levangilealecran.com\/wp-content\/uploads\/2018\/05\/20180513_jn1711-768x768.png 768w, https:\/\/levangilealecran.com\/wp-content\/uploads\/2018\/05\/20180513_jn1711-1024x1024.png 1024w, https:\/\/levangilealecran.com\/wp-content\/uploads\/2018\/05\/20180513_jn1711-600x600.png 600w, https:\/\/levangilealecran.com\/wp-content\/uploads\/2018\/05\/20180513_jn1711.png 1200w\" sizes=\"auto, (max-width: 300px) 100vw, 300px\" \/><\/a><\/p>\n<p><strong>&gt; Il va bient\u00f4t d\u00e9poser sa vie et avant cela, il prie&#8230; Il prie pour ses disciples, ces hommes et ces femmes qui l\u2019ont suivi et accompagn\u00e9. Il prie pour eux et les remet, ni plus ni moins, entre les mains du P\u00e8re. C\u2019est quand la mort est proche que l\u2019on se dit les choses les plus importantes, non ?<\/strong><\/p>\n<p><strong>Il demande deux choses essentielles \u00e0 Dieu pour ses compagnons : qu\u2019ils soient uns, et de ne pas les \u00f4ter du monde, o\u00f9, lui-m\u00eame les envoie \u00e0 son tour pour t\u00e9moigner. Qu\u2019ils soient un ! Qu\u2019ils soient dans le monde ! Qu\u2019ils t\u00e9moignent !<\/strong><\/p>\n<p><strong>Qu\u2019ils soient un signifie que, d\u00e8s lors que des groupes proclament avec ferveur et conviction que J\u00e9sus est le Fils de Dieu, alors leurs diff\u00e9rences d\u2019approche de la foi, leurs modes d\u2019expressions aussi vari\u00e9es soient-ils, leurs relations \u00e0 Dieu sont avant tout des richesses \u00e0 partager, des ouvertures sur la diversit\u00e9 ; tant que le c\u0153ur, J\u00e9sus Christ et le salut qu\u2019Il nous offre, sont eux-m\u00eames solidement au centre, cette unit\u00e9 dans la diversit\u00e9 peut se vivre.<\/strong><\/p>\n<p><strong>Mais peut-\u00eatre \u00eates-vous comme moi : pas toujours facile de rassembler nos diversit\u00e9s autour de la table de communion !!<\/strong><\/p>\n<p><strong>&gt; Cette semaine, lorsque nous seront agac\u00e9s par des divergences de pens\u00e9es ou d\u2019avis, pensons \u00e0 cela : le Christ a pri\u00e9 pour chacun de nous pour que nous cherchions l\u2019unit\u00e9. Il a r\u00eav\u00e9 cette unit\u00e9\u2026Il nous reste \u00e0 la vivre !<\/strong><\/p>\n<\/div>\n","protected":false},"excerpt":{"rendered":"<p>\u00ab\u00a0P\u00e8re saint, garde en ton nom ceux que tu m\u2019as donn\u00e9s, afin qu\u2019ils soient un comme nous. (Jean 17, 11)\u00a0\u00bb &gt; Il va bient\u00f4t d\u00e9poser sa vie et avant cela, il prie&#8230; Il prie pour ses disciples, ces hommes et ces femmes qui l\u2019ont suivi et accompagn\u00e9. Il prie pour eux et les remet, ni plus ni moins, entre les mains du P\u00e8re. C\u2019est quand la mort est proche que l\u2019on se dit les choses les plus importantes, non ? Il demande deux choses essentielles \u00e0 Dieu pour ses compagnons : qu\u2019ils soient uns, et de ne pas les \u00f4ter du monde, o\u00f9, lui-m\u00eame les envoie \u00e0 son tour pour \u2026 <a class=\"continue-reading-link\" href=\"https:\/\/levangilealecran.com\/?p=1472\"> Continue reading <span class=\"meta-nav\">&rarr; <\/span><\/a><\/p>\n","protected":false},"author":2006,"featured_media":0,"comment_status":"open","ping_status":"open","sticky":false,"template":"","format":"standard","meta":{"footnotes":""},"categories":[5,73,74],"tags":[156,404,32],"class_list":["post-1472","post","type-post","status-publish","format-standard","hentry","category-jean","category-paques","category-temps-pascal","tag-temoins","tag-un","tag-unite"],"_links":{"self":[{"href":"https:\/\/levangilealecran.com\/index.php?rest_route=\/wp\/v2\/posts\/1472","targetHints":{"allow":["GET"]}}],"collection":[{"href":"https:\/\/levangilealecran.com\/index.php?rest_route=\/wp\/v2\/posts"}],"about":[{"href":"https:\/\/levangilealecran.com\/index.php?rest_route=\/wp\/v2\/types\/post"}],"author":[{"embeddable":true,"href":"https:\/\/levangilealecran.com\/index.php?rest_route=\/wp\/v2\/users\/2006"}],"replies":[{"embeddable":true,"href":"https:\/\/levangilealecran.com\/index.php?rest_route=%2Fwp%2Fv2%2Fcomments&post=1472"}],"version-history":[{"count":1,"href":"https:\/\/levangilealecran.com\/index.php?rest_route=\/wp\/v2\/posts\/1472\/revisions"}],"predecessor-version":[{"id":1474,"href":"https:\/\/levangilealecran.com\/index.php?rest_route=\/wp\/v2\/posts\/1472\/revisions\/1474"}],"wp:attachment":[{"href":"https:\/\/levangilealecran.com\/index.php?rest_route=%2Fwp%2Fv2%2Fmedia&parent=1472"}],"wp:term":[{"taxonomy":"category","embeddable":true,"href":"https:\/\/levangilealecran.com\/index.php?rest_route=%2Fwp%2Fv2%2Fcategories&post=1472"},{"taxonomy":"post_tag","embeddable":true,"href":"https:\/\/levangilealecran.com\/index.php?rest_route=%2Fwp%2Fv2%2Ftags&post=1472"}],"curies":[{"name":"wp","href":"https:\/\/api.w.org\/{rel}","templated":true}]}}