{"id":1450,"date":"2018-04-13T08:00:20","date_gmt":"2018-04-13T06:00:20","guid":{"rendered":"http:\/\/levangilealecran.com?p=1450"},"modified":"2018-04-12T17:10:39","modified_gmt":"2018-04-12T15:10:39","slug":"3eme-dimanche-de-paques-b","status":"publish","type":"post","link":"https:\/\/levangilealecran.com\/?p=1450","title":{"rendered":"3\u00e8me Dimanche de P\u00e2ques &#8211; B"},"content":{"rendered":"<blockquote><p>\u00ab Ainsi est-il \u00e9crit que le Christ souffrirait, qu\u2019il ressusciterait d\u2019entre les morts le troisi\u00e8me jour, et que la conversion serait proclam\u00e9e en son nom, pour le pardon des p\u00e9ch\u00e9s, \u00e0 toutes les nations, en commen\u00e7ant par J\u00e9rusalem. \u00c0 vous d\u2019en \u00eatre les t\u00e9moins. \u00bb (Luc 24, 46-48)<\/p><\/blockquote>\n<p><a class=\"hoverZoomLink\" href=\"http:\/\/levangilealecran.comwp-content\/uploads\/2018\/04\/20180413_lc2448.png\"><img loading=\"lazy\" decoding=\"async\" class=\"aligncenter size-medium wp-image-1452 hoverZoomLink\" src=\"http:\/\/levangilealecran.comwp-content\/uploads\/2018\/04\/20180413_lc2448-300x300.png\" alt=\"\" width=\"300\" height=\"300\" srcset=\"https:\/\/levangilealecran.com\/wp-content\/uploads\/2018\/04\/20180413_lc2448-300x300.png 300w, https:\/\/levangilealecran.com\/wp-content\/uploads\/2018\/04\/20180413_lc2448-150x150.png 150w, https:\/\/levangilealecran.com\/wp-content\/uploads\/2018\/04\/20180413_lc2448-768x768.png 768w, https:\/\/levangilealecran.com\/wp-content\/uploads\/2018\/04\/20180413_lc2448-600x600.png 600w, https:\/\/levangilealecran.com\/wp-content\/uploads\/2018\/04\/20180413_lc2448.png 788w\" sizes=\"auto, (max-width: 300px) 100vw, 300px\" \/><\/a><strong>&gt;Maintenant que l\u2019\u00c9criture est accomplie, il ne faut plus des veilleurs qui attendraient avec vigilance la r\u00e9alisation de ce qui \u00e9tait dit. Le Christ est mort et il est ressuscit\u00e9. Ce qu\u2019il faut d\u00e9sormais, c\u2019est des t\u00e9moins pour l\u2019annoncer au monde.<\/strong><\/p>\n<p><strong>L\u2019acte de foi r\u00e9sum\u00e9 dans ce verset ne peut que pousser les croyants \u00e0 se transformer en t\u00e9moins. Au lendemain de P\u00e2ques, tout reste \u00e0 faire donc. Aujourd\u2019hui, comme il y a 2000 ans, nous sommes envoy\u00e9s sur les routes, dans notre quartier, dans notre famille, partout\u2026 pour \u00eatre les vivants t\u00e9moins de la Bonne Nouvelle !<\/strong><\/p>\n<p><strong>Et nous, de quelle fa\u00e7on sommes-nous les t\u00e9moins de ce que nous avons v\u00e9cu \u00e0 P\u00e2ques ? En quoi cette r\u00e9surrection est fondatrice pour notre vie ?<\/strong><\/p>\n<div id=\"hzImg\" style=\"border: 0px none #ffffff; line-height: 0; overflow: visible; padding: 0px; margin: 0px; position: absolute; z-index: 2147483647; border-radius: 3px; box-shadow: none; opacity: 1; top: 0px; left: 238px; background-color: #ffffff; cursor: pointer; pointer-events: none; display: none;\"><\/div>\n<div id=\"hzImg\" style=\"border: 0px none #ffffff; line-height: 0; overflow: visible; padding: 0px; margin: 0px; position: fixed; z-index: 2147483647; border-radius: 3px; box-shadow: none; opacity: 1; top: 12.5px; left: 427px; background-color: #ffffff; cursor: pointer; pointer-events: none; display: none;\"><\/div>\n","protected":false},"excerpt":{"rendered":"<p>\u00ab Ainsi est-il \u00e9crit que le Christ souffrirait, qu\u2019il ressusciterait d\u2019entre les morts le troisi\u00e8me jour, et que la conversion serait proclam\u00e9e en son nom, pour le pardon des p\u00e9ch\u00e9s, \u00e0 toutes les nations, en commen\u00e7ant par J\u00e9rusalem. \u00c0 vous d\u2019en \u00eatre les t\u00e9moins. \u00bb (Luc 24, 46-48) &gt;Maintenant que l\u2019\u00c9criture est accomplie, il ne faut plus des veilleurs qui attendraient avec vigilance la r\u00e9alisation de ce qui \u00e9tait dit. Le Christ est mort et il est ressuscit\u00e9. Ce qu\u2019il faut d\u00e9sormais, c\u2019est des t\u00e9moins pour l\u2019annoncer au monde. L\u2019acte de foi r\u00e9sum\u00e9 dans ce verset ne peut que pousser les croyants \u00e0 se transformer en t\u00e9moins. Au lendemain de \u2026 <a class=\"continue-reading-link\" href=\"https:\/\/levangilealecran.com\/?p=1450\"> Continue reading <span class=\"meta-nav\">&rarr; <\/span><\/a><\/p>\n","protected":false},"author":2006,"featured_media":0,"comment_status":"open","ping_status":"open","sticky":false,"template":"","format":"standard","meta":{"footnotes":""},"categories":[6,74],"tags":[156,52],"class_list":["post-1450","post","type-post","status-publish","format-standard","hentry","category-luc","category-temps-pascal","tag-temoins","tag-vie"],"_links":{"self":[{"href":"https:\/\/levangilealecran.com\/index.php?rest_route=\/wp\/v2\/posts\/1450","targetHints":{"allow":["GET"]}}],"collection":[{"href":"https:\/\/levangilealecran.com\/index.php?rest_route=\/wp\/v2\/posts"}],"about":[{"href":"https:\/\/levangilealecran.com\/index.php?rest_route=\/wp\/v2\/types\/post"}],"author":[{"embeddable":true,"href":"https:\/\/levangilealecran.com\/index.php?rest_route=\/wp\/v2\/users\/2006"}],"replies":[{"embeddable":true,"href":"https:\/\/levangilealecran.com\/index.php?rest_route=%2Fwp%2Fv2%2Fcomments&post=1450"}],"version-history":[{"count":2,"href":"https:\/\/levangilealecran.com\/index.php?rest_route=\/wp\/v2\/posts\/1450\/revisions"}],"predecessor-version":[{"id":1454,"href":"https:\/\/levangilealecran.com\/index.php?rest_route=\/wp\/v2\/posts\/1450\/revisions\/1454"}],"wp:attachment":[{"href":"https:\/\/levangilealecran.com\/index.php?rest_route=%2Fwp%2Fv2%2Fmedia&parent=1450"}],"wp:term":[{"taxonomy":"category","embeddable":true,"href":"https:\/\/levangilealecran.com\/index.php?rest_route=%2Fwp%2Fv2%2Fcategories&post=1450"},{"taxonomy":"post_tag","embeddable":true,"href":"https:\/\/levangilealecran.com\/index.php?rest_route=%2Fwp%2Fv2%2Ftags&post=1450"}],"curies":[{"name":"wp","href":"https:\/\/api.w.org\/{rel}","templated":true}]}}