{"id":1444,"date":"2018-04-06T08:00:43","date_gmt":"2018-04-06T06:00:43","guid":{"rendered":"http:\/\/levangilealecran.com?p=1444"},"modified":"2018-04-12T17:00:35","modified_gmt":"2018-04-12T15:00:35","slug":"dimanche-8-avril-2018-2eme-dimanche-de-paques-b","status":"publish","type":"post","link":"https:\/\/levangilealecran.com\/?p=1444","title":{"rendered":"2\u00e8me Dimanche de P\u00e2ques &#8211; B"},"content":{"rendered":"<div class=\"\" data-block=\"true\" data-editor=\"4ionj\" data-offset-key=\"5ubei-0-0\">\n<blockquote>\n<div class=\"_1mf _1mj\" data-offset-key=\"5ubei-0-0\"><span data-offset-key=\"5ubei-0-0\">J\u00e9sus dit \u00e0 Thomas : \u00ab Parce que tu m\u2019as vu, tu crois. Heureux ceux qui croient sans avoir vu. \u00bb (Jean 20,29)<\/span><\/div>\n<\/blockquote>\n<\/div>\n<div class=\"\" data-block=\"true\" data-editor=\"4ionj\" data-offset-key=\"abkev-0-0\">\n<p data-offset-key=\"abkev-0-0\"><a class=\"hoverZoomLink\" href=\"http:\/\/levangilealecran.comwp-content\/uploads\/2018\/04\/20180408_Jn2029.png\"><img loading=\"lazy\" decoding=\"async\" class=\"aligncenter size-medium wp-image-1445 hoverZoomLink\" src=\"http:\/\/levangilealecran.comwp-content\/uploads\/2018\/04\/20180408_Jn2029-300x300.png\" alt=\"\" width=\"300\" height=\"300\" srcset=\"https:\/\/levangilealecran.com\/wp-content\/uploads\/2018\/04\/20180408_Jn2029-300x300.png 300w, https:\/\/levangilealecran.com\/wp-content\/uploads\/2018\/04\/20180408_Jn2029-150x150.png 150w, https:\/\/levangilealecran.com\/wp-content\/uploads\/2018\/04\/20180408_Jn2029-768x768.png 768w, https:\/\/levangilealecran.com\/wp-content\/uploads\/2018\/04\/20180408_Jn2029-1024x1024.png 1024w, https:\/\/levangilealecran.com\/wp-content\/uploads\/2018\/04\/20180408_Jn2029-600x600.png 600w, https:\/\/levangilealecran.com\/wp-content\/uploads\/2018\/04\/20180408_Jn2029.png 1200w\" sizes=\"auto, (max-width: 300px) 100vw, 300px\" \/><\/a><\/p>\n<div class=\"_1mf _1mj\" data-offset-key=\"abkev-0-0\"><strong>&gt; Thomas a besoin de voir pour y croire. Combien de fois ne nous sommes-nous pas identifi\u00e9s \u00e0 ce disciple ? Nous aussi, bien souvent, nous avons besoin de voir pour croire. Et pourtant, par deux fois l\u2019Evang\u00e9liste le dit : \u00ab J\u00e9sus vint et il \u00e9tait l\u00e0 au milieu d\u2019eux \u00bb. J\u00e9sus vient. Il est l\u00e0. Au milieu de nous.<\/strong><\/div>\n<\/div>\n<div class=\"\" data-block=\"true\" data-editor=\"4ionj\" data-offset-key=\"2qlcd-0-0\">\n<div class=\"_1mf _1mj\" data-offset-key=\"2qlcd-0-0\"><strong>\u00a0<\/strong><\/div>\n<\/div>\n<div class=\"\" data-block=\"true\" data-editor=\"4ionj\" data-offset-key=\"5uaaj-0-0\">\n<div class=\"_1mf _1mj\" data-offset-key=\"5uaaj-0-0\"><strong>Dans notre quotidien, aussi, J\u00e9sus vient. Il est au milieu de nous. M\u00eame si bien souvent nous aurions besoin de voir pour croire, il nous r\u00e9p\u00e8te fid\u00e8lement et inlassablement que nous pouvons lui faire confiance. Que nous serons heureux si nous nous abandonnons \u00e0 Lui, notamment dans la pri\u00e8re.<\/strong><\/div>\n<\/div>\n<div class=\"\" data-block=\"true\" data-editor=\"4ionj\" data-offset-key=\"9hk13-0-0\">\n<div class=\"_1mf _1mj\" data-offset-key=\"9hk13-0-0\"><strong>\u00a0<\/strong><\/div>\n<\/div>\n<div class=\"\" data-block=\"true\" data-editor=\"4ionj\" data-offset-key=\"1idqk-0-0\">\n<div class=\"_1mf _1mj\" data-offset-key=\"1idqk-0-0\"><strong>Fr\u00e8re Roger, feu le prieur de Taiz\u00e9, disait ceci au sujet de la pri\u00e8re: <\/strong><\/div>\n<blockquote>\n<div class=\"_1mf _1mj\" data-offset-key=\"1idqk-0-0\"><strong><em>J\u00e9sus le Christ, en nous s&rsquo;\u00e9l\u00e8ve comme une voix int\u00e9rieure, et cette voix, c&rsquo;est d\u00e9j\u00e0 notre pri\u00e8re. \u00ab\u00a0Si nos l\u00e8vres gardent le silence, notre c\u0153ur, lui, t&rsquo;\u00e9coute et aussi te parle. Nous sommes parfois tout surpris de savoir que tu es en nous, dans une myst\u00e9rieuse pr\u00e9sence. Et toi, le Ressuscit\u00e9, tu dis \u00e0 chacun : \u00ab\u00a0Abandonne-toi tout simplement \u00e0 la vie de mon Esprit en toi, ton peu de foi y suffit, jamais je ne te laisserai, jamais\u00a0\u00bb<\/em>.<\/strong><\/div>\n<\/blockquote>\n<\/div>\n<div class=\"\" data-block=\"true\" data-editor=\"4ionj\" data-offset-key=\"d2jal-0-0\">\n<div class=\"_1mf _1mj\" data-offset-key=\"d2jal-0-0\"><strong>\u00a0<\/strong><\/div>\n<\/div>\n<div class=\"\" data-block=\"true\" data-editor=\"4ionj\" data-offset-key=\"9rb4h-0-0\">\n<div class=\"_1mf _1mj\" data-offset-key=\"9rb4h-0-0\"><strong>J\u00e9sus vient. Il est au milieu de nous. Heureux celui qui fait confiance \u00e0 cette parole d\u2019Evangile.<\/strong><\/div>\n<\/div>\n<div class=\"\" data-block=\"true\" data-editor=\"4ionj\" data-offset-key=\"1cufr-0-0\">\n<div class=\"_1mf _1mj\" data-offset-key=\"1cufr-0-0\"><span data-offset-key=\"1cufr-0-0\">\u00a0<\/span><\/div>\n<\/div>\n<div class=\"\" data-block=\"true\" data-editor=\"4ionj\" data-offset-key=\"7m8n2-0-0\">\n<div class=\"_1mf _1mj\" data-offset-key=\"7m8n2-0-0\"><span data-offset-key=\"7m8n2-0-0\">&#8211; Jean 20, 19-31<\/span><\/div>\n<\/div>\n","protected":false},"excerpt":{"rendered":"<p>J\u00e9sus dit \u00e0 Thomas : \u00ab Parce que tu m\u2019as vu, tu crois. Heureux ceux qui croient sans avoir vu. \u00bb (Jean 20,29) &gt; Thomas a besoin de voir pour y croire. Combien de fois ne nous sommes-nous pas identifi\u00e9s \u00e0 ce disciple ? Nous aussi, bien souvent, nous avons besoin de voir pour croire. Et pourtant, par deux fois l\u2019Evang\u00e9liste le dit : \u00ab J\u00e9sus vint et il \u00e9tait l\u00e0 au milieu d\u2019eux \u00bb. J\u00e9sus vient. Il est l\u00e0. Au milieu de nous. \u00a0 Dans notre quotidien, aussi, J\u00e9sus vient. Il est au milieu de nous. M\u00eame si bien souvent nous aurions besoin de voir pour croire, il nous \u2026 <a class=\"continue-reading-link\" href=\"https:\/\/levangilealecran.com\/?p=1444\"> Continue reading <span class=\"meta-nav\">&rarr; <\/span><\/a><\/p>\n","protected":false},"author":2006,"featured_media":0,"comment_status":"open","ping_status":"open","sticky":false,"template":"","format":"standard","meta":{"footnotes":""},"categories":[5,73,74],"tags":[634,26,94,230],"class_list":["post-1444","post","type-post","status-publish","format-standard","hentry","category-jean","category-paques","category-temps-pascal","tag-coire","tag-confiance","tag-presence","tag-voir"],"_links":{"self":[{"href":"https:\/\/levangilealecran.com\/index.php?rest_route=\/wp\/v2\/posts\/1444","targetHints":{"allow":["GET"]}}],"collection":[{"href":"https:\/\/levangilealecran.com\/index.php?rest_route=\/wp\/v2\/posts"}],"about":[{"href":"https:\/\/levangilealecran.com\/index.php?rest_route=\/wp\/v2\/types\/post"}],"author":[{"embeddable":true,"href":"https:\/\/levangilealecran.com\/index.php?rest_route=\/wp\/v2\/users\/2006"}],"replies":[{"embeddable":true,"href":"https:\/\/levangilealecran.com\/index.php?rest_route=%2Fwp%2Fv2%2Fcomments&post=1444"}],"version-history":[{"count":4,"href":"https:\/\/levangilealecran.com\/index.php?rest_route=\/wp\/v2\/posts\/1444\/revisions"}],"predecessor-version":[{"id":1451,"href":"https:\/\/levangilealecran.com\/index.php?rest_route=\/wp\/v2\/posts\/1444\/revisions\/1451"}],"wp:attachment":[{"href":"https:\/\/levangilealecran.com\/index.php?rest_route=%2Fwp%2Fv2%2Fmedia&parent=1444"}],"wp:term":[{"taxonomy":"category","embeddable":true,"href":"https:\/\/levangilealecran.com\/index.php?rest_route=%2Fwp%2Fv2%2Fcategories&post=1444"},{"taxonomy":"post_tag","embeddable":true,"href":"https:\/\/levangilealecran.com\/index.php?rest_route=%2Fwp%2Fv2%2Ftags&post=1444"}],"curies":[{"name":"wp","href":"https:\/\/api.w.org\/{rel}","templated":true}]}}