{"id":1437,"date":"2018-03-30T08:56:04","date_gmt":"2018-03-30T06:56:04","guid":{"rendered":"http:\/\/levangilealecran.com?p=1437"},"modified":"2018-03-30T08:56:04","modified_gmt":"2018-03-30T06:56:04","slug":"vendredi-saint-b","status":"publish","type":"post","link":"https:\/\/levangilealecran.com\/?p=1437","title":{"rendered":"Vendredi Saint &#8211; B"},"content":{"rendered":"<blockquote><p>\u00ab\u00a0J\u00e9sus lui r\u00e9pondit : &lsquo;Si j\u2019ai mal parl\u00e9, montre ce que j\u2019ai dit de mal. Mais si j\u2019ai bien parl\u00e9, pourquoi me frappes-tu?&rsquo; \u00a0\u00bb (Jean 18, 23)<\/p><\/blockquote>\n<p><a href=\"http:\/\/levangilealecran.comwp-content\/uploads\/2018\/03\/ImageEvEcr2018_03_30.jpg\"><img loading=\"lazy\" decoding=\"async\" class=\"aligncenter size-medium wp-image-1438\" src=\"http:\/\/levangilealecran.comwp-content\/uploads\/2018\/03\/ImageEvEcr2018_03_30-300x300.jpg\" alt=\"\" width=\"300\" height=\"300\" srcset=\"https:\/\/levangilealecran.com\/wp-content\/uploads\/2018\/03\/ImageEvEcr2018_03_30-300x300.jpg 300w, https:\/\/levangilealecran.com\/wp-content\/uploads\/2018\/03\/ImageEvEcr2018_03_30-150x150.jpg 150w, https:\/\/levangilealecran.com\/wp-content\/uploads\/2018\/03\/ImageEvEcr2018_03_30.jpg 600w\" sizes=\"auto, (max-width: 300px) 100vw, 300px\" \/><\/a><\/p>\n<p><strong>&gt; J\u00e9sus est chez le grand-pr\u00eatre qui l&rsquo;interroge sur son enseignement. Il cherche \u00e0 le compromettre en cherchant des motifs graves. J\u00e9sus r\u00e9pond une premi\u00e8re fois en expliquant qu&rsquo;il n&rsquo;a jamais parl\u00e9 en cachette et que ceux qui l&rsquo;\u00e9coutaient peuvent t\u00e9moigner.<\/strong><\/p>\n<p><strong>Ce ve<span class=\"text_exposed_show\">rset nous montre l&rsquo;exemple du premier stade du martyr, c&rsquo;est celui qui est t\u00e9moin. J\u00e9sus a enseign\u00e9 au Temple les secrets de son P\u00e8re. Nous aussi nous devons t\u00e9moigner du secret donn\u00e9 au monde et en pay\u00e9 le prix. Le prix de la v\u00e9rit\u00e9, la v\u00e9rit\u00e9 qui d\u00e9livre.<\/p>\n<p>Aujourd&rsquo;hui, jour de je\u00fbne et de p\u00e9nitence, montrons au monde l&rsquo;importance de ce qu&rsquo;il va se passer durant ce week-end qui ressemble \u00e0 tous les autres. Mais pas pour nous ! Alors pr\u00e9parons notre c\u0153ur \u00e0 accueillir cette v\u00e9rit\u00e9 absolu de la r\u00e9surrection qui est le fondement de notre foi !<\/span><\/strong><\/p>\n","protected":false},"excerpt":{"rendered":"<p>\u00ab\u00a0J\u00e9sus lui r\u00e9pondit : &lsquo;Si j\u2019ai mal parl\u00e9, montre ce que j\u2019ai dit de mal. Mais si j\u2019ai bien parl\u00e9, pourquoi me frappes-tu?&rsquo; \u00a0\u00bb (Jean 18, 23) &gt; J\u00e9sus est chez le grand-pr\u00eatre qui l&rsquo;interroge sur son enseignement. Il cherche \u00e0 le compromettre en cherchant des motifs graves. J\u00e9sus r\u00e9pond une premi\u00e8re fois en expliquant qu&rsquo;il n&rsquo;a jamais parl\u00e9 en cachette et que ceux qui l&rsquo;\u00e9coutaient peuvent t\u00e9moigner. Ce verset nous montre l&rsquo;exemple du premier stade du martyr, c&rsquo;est celui qui est t\u00e9moin. J\u00e9sus a enseign\u00e9 au Temple les secrets de son P\u00e8re. Nous aussi nous devons t\u00e9moigner du secret donn\u00e9 au monde et en pay\u00e9 le prix. Le prix \u2026 <a class=\"continue-reading-link\" href=\"https:\/\/levangilealecran.com\/?p=1437\"> Continue reading <span class=\"meta-nav\">&rarr; <\/span><\/a><\/p>\n","protected":false},"author":2006,"featured_media":0,"comment_status":"open","ping_status":"open","sticky":false,"template":"","format":"standard","meta":{"footnotes":""},"categories":[5,254,74],"tags":[55,633,341],"class_list":["post-1437","post","type-post","status-publish","format-standard","hentry","category-jean","category-semaine-sainte","category-temps-pascal","tag-resurrection","tag-se-preparer","tag-temoin"],"_links":{"self":[{"href":"https:\/\/levangilealecran.com\/index.php?rest_route=\/wp\/v2\/posts\/1437","targetHints":{"allow":["GET"]}}],"collection":[{"href":"https:\/\/levangilealecran.com\/index.php?rest_route=\/wp\/v2\/posts"}],"about":[{"href":"https:\/\/levangilealecran.com\/index.php?rest_route=\/wp\/v2\/types\/post"}],"author":[{"embeddable":true,"href":"https:\/\/levangilealecran.com\/index.php?rest_route=\/wp\/v2\/users\/2006"}],"replies":[{"embeddable":true,"href":"https:\/\/levangilealecran.com\/index.php?rest_route=%2Fwp%2Fv2%2Fcomments&post=1437"}],"version-history":[{"count":1,"href":"https:\/\/levangilealecran.com\/index.php?rest_route=\/wp\/v2\/posts\/1437\/revisions"}],"predecessor-version":[{"id":1439,"href":"https:\/\/levangilealecran.com\/index.php?rest_route=\/wp\/v2\/posts\/1437\/revisions\/1439"}],"wp:attachment":[{"href":"https:\/\/levangilealecran.com\/index.php?rest_route=%2Fwp%2Fv2%2Fmedia&parent=1437"}],"wp:term":[{"taxonomy":"category","embeddable":true,"href":"https:\/\/levangilealecran.com\/index.php?rest_route=%2Fwp%2Fv2%2Fcategories&post=1437"},{"taxonomy":"post_tag","embeddable":true,"href":"https:\/\/levangilealecran.com\/index.php?rest_route=%2Fwp%2Fv2%2Ftags&post=1437"}],"curies":[{"name":"wp","href":"https:\/\/api.w.org\/{rel}","templated":true}]}}