{"id":1434,"date":"2018-03-29T08:00:55","date_gmt":"2018-03-29T06:00:55","guid":{"rendered":"http:\/\/levangilealecran.com?p=1434"},"modified":"2018-03-28T09:21:01","modified_gmt":"2018-03-28T07:21:01","slug":"jeudi-de-la-semaine-sainte-b","status":"publish","type":"post","link":"https:\/\/levangilealecran.com\/?p=1434","title":{"rendered":"Jeudi  de la semaine Sainte &#8211; B"},"content":{"rendered":"<blockquote><p>\u00ab Aujourd\u2019hui s\u2019accomplit ce passage de l\u2019Ecriture que vous venez d\u2019entendre. \u00bb (Lc 4, 21)<\/p><\/blockquote>\n<p><a href=\"http:\/\/levangilealecran.comwp-content\/uploads\/2018\/03\/20180329_lc421.png\"><img loading=\"lazy\" decoding=\"async\" class=\"aligncenter size-medium wp-image-1435\" src=\"http:\/\/levangilealecran.comwp-content\/uploads\/2018\/03\/20180329_lc421-300x300.png\" alt=\"\" width=\"300\" height=\"300\" srcset=\"https:\/\/levangilealecran.com\/wp-content\/uploads\/2018\/03\/20180329_lc421-300x300.png 300w, https:\/\/levangilealecran.com\/wp-content\/uploads\/2018\/03\/20180329_lc421-150x150.png 150w, https:\/\/levangilealecran.com\/wp-content\/uploads\/2018\/03\/20180329_lc421.png 600w\" sizes=\"auto, (max-width: 300px) 100vw, 300px\" \/><\/a><\/p>\n<p><strong>&gt; Il y a l\u2019aujourd\u2019hui du Christ, unique, particulier, ce changement que l\u2019existence de J\u00e9sus a inaugur\u00e9 dans l\u2019histoire des humains avec Dieu. Il a eu lieu une fois pour toutes dans le pass\u00e9: en J\u00e9sus, Dieu se d\u00e9couvre dans une vie humaine et ce qu\u2019elle a de fragile et de fort, d\u2019impuissant et de capable, de libre et de captif. Mais surtout, une vie qui trouve son coeur en Dieu, une vie en lien avec Dieu, fondamentalement, d\u00e9finitivement.<\/strong><\/p>\n<p><strong>Mais cet aujourd\u2019hui d\u2019hier n\u2019est pas seulement du pass\u00e9. Il est aussi notre aujourd\u2019hui. Car la pr\u00e9sence de Dieu, son amour inconditionnel pour nous, son compagnonnage sur nos routes humaines, son lien \u00e0 nous toujours \u00e0 nouveau propos\u00e9, tout cela se joue aujourd\u2019hui. Non pas demain dans un futur qui toujours nous \u00e9chappe. Ni hier dans un pass\u00e9 d\u00e9j\u00e0 r\u00e9volu. Mais aujourd\u2019hui. Car il n\u2019y a pas d\u2019autres temps \u00e0 vivre que le pr\u00e9sent. C\u2019est le seul qui nous soit donn\u00e9.<\/strong><\/p>\n<p><strong>C\u2019est aujourd\u2019hui que s\u2019accomplit l\u2019Ecriture. En faveur des pauvres, des captifs, des aveugles, des opprim\u00e9s. Comme pour nous rappeler l\u2019orientation que doit prendre notre action, comme une question lancinante: \u00ab en faveur de\u2026 \u00bb C\u2019est aujourd\u2019hui que le Christ advient dans notre quotidien. C\u2019est aujourd\u2019hui que Dieu se donne \u00e0 d\u00e9couvrir. Dans nos rencontres. Dans nos choix. Dans nos intuitions. Dans nos r\u00e9flexions. Dans notre vie. N\u2019attendons pas demain. Ne regrettons pas hier. Vivons aujourd\u2019hui.<\/strong><\/p>\n","protected":false},"excerpt":{"rendered":"<p>\u00ab Aujourd\u2019hui s\u2019accomplit ce passage de l\u2019Ecriture que vous venez d\u2019entendre. \u00bb (Lc 4, 21) &gt; Il y a l\u2019aujourd\u2019hui du Christ, unique, particulier, ce changement que l\u2019existence de J\u00e9sus a inaugur\u00e9 dans l\u2019histoire des humains avec Dieu. Il a eu lieu une fois pour toutes dans le pass\u00e9: en J\u00e9sus, Dieu se d\u00e9couvre dans une vie humaine et ce qu\u2019elle a de fragile et de fort, d\u2019impuissant et de capable, de libre et de captif. Mais surtout, une vie qui trouve son coeur en Dieu, une vie en lien avec Dieu, fondamentalement, d\u00e9finitivement. Mais cet aujourd\u2019hui d\u2019hier n\u2019est pas seulement du pass\u00e9. Il est aussi notre aujourd\u2019hui. Car la \u2026 <a class=\"continue-reading-link\" href=\"https:\/\/levangilealecran.com\/?p=1434\"> Continue reading <span class=\"meta-nav\">&rarr; <\/span><\/a><\/p>\n","protected":false},"author":2006,"featured_media":0,"comment_status":"open","ping_status":"open","sticky":false,"template":"","format":"standard","meta":{"footnotes":""},"categories":[6,73,254,74],"tags":[40,94,115],"class_list":["post-1434","post","type-post","status-publish","format-standard","hentry","category-luc","category-paques","category-semaine-sainte","category-temps-pascal","tag-aujourdhui","tag-presence","tag-vivre"],"_links":{"self":[{"href":"https:\/\/levangilealecran.com\/index.php?rest_route=\/wp\/v2\/posts\/1434","targetHints":{"allow":["GET"]}}],"collection":[{"href":"https:\/\/levangilealecran.com\/index.php?rest_route=\/wp\/v2\/posts"}],"about":[{"href":"https:\/\/levangilealecran.com\/index.php?rest_route=\/wp\/v2\/types\/post"}],"author":[{"embeddable":true,"href":"https:\/\/levangilealecran.com\/index.php?rest_route=\/wp\/v2\/users\/2006"}],"replies":[{"embeddable":true,"href":"https:\/\/levangilealecran.com\/index.php?rest_route=%2Fwp%2Fv2%2Fcomments&post=1434"}],"version-history":[{"count":1,"href":"https:\/\/levangilealecran.com\/index.php?rest_route=\/wp\/v2\/posts\/1434\/revisions"}],"predecessor-version":[{"id":1436,"href":"https:\/\/levangilealecran.com\/index.php?rest_route=\/wp\/v2\/posts\/1434\/revisions\/1436"}],"wp:attachment":[{"href":"https:\/\/levangilealecran.com\/index.php?rest_route=%2Fwp%2Fv2%2Fmedia&parent=1434"}],"wp:term":[{"taxonomy":"category","embeddable":true,"href":"https:\/\/levangilealecran.com\/index.php?rest_route=%2Fwp%2Fv2%2Fcategories&post=1434"},{"taxonomy":"post_tag","embeddable":true,"href":"https:\/\/levangilealecran.com\/index.php?rest_route=%2Fwp%2Fv2%2Ftags&post=1434"}],"curies":[{"name":"wp","href":"https:\/\/api.w.org\/{rel}","templated":true}]}}