{"id":1426,"date":"2018-03-27T08:13:31","date_gmt":"2018-03-27T06:13:31","guid":{"rendered":"http:\/\/levangilealecran.com?p=1426"},"modified":"2018-03-27T08:13:31","modified_gmt":"2018-03-27T06:13:31","slug":"mardi-de-la-semaine-sainte-b","status":"publish","type":"post","link":"https:\/\/levangilealecran.com\/?p=1426","title":{"rendered":"Mardi de la semaine Sainte &#8211; B"},"content":{"rendered":"<blockquote><p>\u00ab Petits enfants, c\u2019est pour peu de temps encore que je suis avec vous. Vous me chercherez, et, comme je l\u2019ai dit aux Juifs : \u201cL\u00e0 o\u00f9 je vais, vous ne pouvez pas aller\u201d, je vous le dis maintenant \u00e0 vous aussi. \u00bb (Jean 13, 33)<\/p><\/blockquote>\n<p><a href=\"http:\/\/levangilealecran.comwp-content\/uploads\/2018\/03\/ImageEvEcr2018_03_27.png\"><img loading=\"lazy\" decoding=\"async\" class=\"aligncenter size-medium wp-image-1427\" src=\"http:\/\/levangilealecran.comwp-content\/uploads\/2018\/03\/ImageEvEcr2018_03_27-300x300.png\" alt=\"\" width=\"300\" height=\"300\" srcset=\"https:\/\/levangilealecran.com\/wp-content\/uploads\/2018\/03\/ImageEvEcr2018_03_27-300x300.png 300w, https:\/\/levangilealecran.com\/wp-content\/uploads\/2018\/03\/ImageEvEcr2018_03_27-150x150.png 150w, https:\/\/levangilealecran.com\/wp-content\/uploads\/2018\/03\/ImageEvEcr2018_03_27.png 600w\" sizes=\"auto, (max-width: 300px) 100vw, 300px\" \/><\/a><\/p>\n<p><strong>&gt; Judas sorti dans la nuit, J\u00e9sus est avec ses amis, mais c\u2019est en fait un discours bien plus large qu\u2019il inaugure avec ce verset. Le terme \u00ab Petits enfants \u00bb indique qu\u2019en fait, c\u2019est \u00e0 l\u2019Eglise de la communaut\u00e9 de Jean que le Christ s\u2019adresse, \u00e0 la com<span class=\"text_exposed_show\">munaut\u00e9 des \u00ab petits enfants \u00bb\u2026 de Dieu ! Par ces termes, le Christ indique donc la r\u00e9alit\u00e9 nouvelle de l\u2019Eglise post-pascale. Par ailleurs, cette expression d\u00e9note \u00e9galement le lien d\u2019affection et d\u2019intimit\u00e9 entre J\u00e9sus et ses disciples\u2026<\/span><\/strong><\/p>\n<div class=\"text_exposed_show\">\n<p><strong>Finalement, ce verset nous est adress\u00e9 \u00e0 nous aussi, femmes ou hommes \u00ab en suivance \u00bb du Christ du XXIe si\u00e8cle, chercheuses et chercheurs de sens et de Dieu. Par ce verset, le Christ nous redit sa profonde affection envers nous : nous sommes ses petits enfants, nous sommes de sa famille spirituelle. Nous ne comprenons pas toujours ce qu\u2019il nous dit, nous sommes faillibles, mais comme des enfants, nous pouvons Lui faire confiance. Rappelons-nous ces paroles de J\u00e9sus dans l\u2019Evangile de Marc : \u00ab Laissez les enfants venir \u00e0 moi, ne les emp\u00eachez pas, car le Royaume de Dieu est \u00e0 ceux qui sont comme eux. En v\u00e9rit\u00e9, je vous le d\u00e9clare, qui n\u2019accueille pas le Royaume de Dieu comme un enfant n\u2019y entrera pas. \u00bb Et il les embrassait et les b\u00e9nissait en leur imposant les mains. (Marc 10,14-16)<\/strong><\/p>\n<p><strong>Et si, en ce mardi de la semaine sainte, nous essayions de voir le monde avec des yeux de petits enfants ? Enfants de Dieu, appartenant \u00e0 la famille spirituelle du Christ, nous pouvons prier pour nos fr\u00e8res et s\u0153urs dans le monde entier. Nous pouvons aussi prier pour notre Eglise universelle et pour le minist\u00e8re d\u2019unit\u00e9, notamment celui du Pape Fran\u00e7ois. Nous pouvons enfin prier d\u2019avoir en toute simplicit\u00e9 la foi et la confiance des petits enfants, celles qui nous permettent de \u00ab recevoir le Royaume de Dieu comme un petit enfant \u00bb.<\/strong><\/p>\n<\/div>\n","protected":false},"excerpt":{"rendered":"<p>\u00ab Petits enfants, c\u2019est pour peu de temps encore que je suis avec vous. Vous me chercherez, et, comme je l\u2019ai dit aux Juifs : \u201cL\u00e0 o\u00f9 je vais, vous ne pouvez pas aller\u201d, je vous le dis maintenant \u00e0 vous aussi. \u00bb (Jean 13, 33) &gt; Judas sorti dans la nuit, J\u00e9sus est avec ses amis, mais c\u2019est en fait un discours bien plus large qu\u2019il inaugure avec ce verset. Le terme \u00ab Petits enfants \u00bb indique qu\u2019en fait, c\u2019est \u00e0 l\u2019Eglise de la communaut\u00e9 de Jean que le Christ s\u2019adresse, \u00e0 la communaut\u00e9 des \u00ab petits enfants \u00bb\u2026 de Dieu ! Par ces termes, le Christ indique donc \u2026 <a class=\"continue-reading-link\" href=\"https:\/\/levangilealecran.com\/?p=1426\"> Continue reading <span class=\"meta-nav\">&rarr; <\/span><\/a><\/p>\n","protected":false},"author":2006,"featured_media":0,"comment_status":"open","ping_status":"open","sticky":false,"template":"","format":"standard","meta":{"footnotes":""},"categories":[5,254],"tags":[489,224,175,32],"class_list":["post-1426","post","type-post","status-publish","format-standard","hentry","category-jean","category-semaine-sainte","tag-enfants","tag-famille","tag-royaume","tag-unite"],"_links":{"self":[{"href":"https:\/\/levangilealecran.com\/index.php?rest_route=\/wp\/v2\/posts\/1426","targetHints":{"allow":["GET"]}}],"collection":[{"href":"https:\/\/levangilealecran.com\/index.php?rest_route=\/wp\/v2\/posts"}],"about":[{"href":"https:\/\/levangilealecran.com\/index.php?rest_route=\/wp\/v2\/types\/post"}],"author":[{"embeddable":true,"href":"https:\/\/levangilealecran.com\/index.php?rest_route=\/wp\/v2\/users\/2006"}],"replies":[{"embeddable":true,"href":"https:\/\/levangilealecran.com\/index.php?rest_route=%2Fwp%2Fv2%2Fcomments&post=1426"}],"version-history":[{"count":1,"href":"https:\/\/levangilealecran.com\/index.php?rest_route=\/wp\/v2\/posts\/1426\/revisions"}],"predecessor-version":[{"id":1428,"href":"https:\/\/levangilealecran.com\/index.php?rest_route=\/wp\/v2\/posts\/1426\/revisions\/1428"}],"wp:attachment":[{"href":"https:\/\/levangilealecran.com\/index.php?rest_route=%2Fwp%2Fv2%2Fmedia&parent=1426"}],"wp:term":[{"taxonomy":"category","embeddable":true,"href":"https:\/\/levangilealecran.com\/index.php?rest_route=%2Fwp%2Fv2%2Fcategories&post=1426"},{"taxonomy":"post_tag","embeddable":true,"href":"https:\/\/levangilealecran.com\/index.php?rest_route=%2Fwp%2Fv2%2Ftags&post=1426"}],"curies":[{"name":"wp","href":"https:\/\/api.w.org\/{rel}","templated":true}]}}