{"id":1418,"date":"2018-03-16T10:15:02","date_gmt":"2018-03-16T09:15:02","guid":{"rendered":"http:\/\/levangilealecran.com?p=1418"},"modified":"2018-03-16T10:15:02","modified_gmt":"2018-03-16T09:15:02","slug":"5e-dimanche-de-careme-b-2","status":"publish","type":"post","link":"https:\/\/levangilealecran.com\/?p=1418","title":{"rendered":"5e dimanche de car\u00eame &#8211; B"},"content":{"rendered":"<p>\u00ab\u00a0En ce temps-l\u00e0, il y avait quelques Grecs parmi ceux qui \u00e9taient mont\u00e9s \u00e0 J\u00e9rusalem pour adorer Dieu pendant la f\u00eate de la P\u00e2que\u00a0\u00bb (Jean 12, 20)<\/p>\n<p><a href=\"http:\/\/levangilealecran.comwp-content\/uploads\/2018\/03\/ImageEvEcr2018_03_16.jpg\"><img loading=\"lazy\" decoding=\"async\" class=\"aligncenter size-medium wp-image-1419\" src=\"http:\/\/levangilealecran.comwp-content\/uploads\/2018\/03\/ImageEvEcr2018_03_16-300x300.jpg\" alt=\"\" width=\"300\" height=\"300\" srcset=\"https:\/\/levangilealecran.com\/wp-content\/uploads\/2018\/03\/ImageEvEcr2018_03_16-300x300.jpg 300w, https:\/\/levangilealecran.com\/wp-content\/uploads\/2018\/03\/ImageEvEcr2018_03_16-150x150.jpg 150w, https:\/\/levangilealecran.com\/wp-content\/uploads\/2018\/03\/ImageEvEcr2018_03_16.jpg 600w\" sizes=\"auto, (max-width: 300px) 100vw, 300px\" \/><\/a><\/p>\n<p><strong>&gt; J\u00e9sus vient d&rsquo;arriver \u00e0 J\u00e9rusalem pour la P\u00e2que accueilli par une grande foule. Dans cette foule, de nombreux juifs pratiquants mais \u00e9galement des \u00e9trangers. Les Grecs sont dans la Bible consid\u00e9r\u00e9s comme pa\u00efens mais qui acceptaient la croyance en un Dieu uni<span class=\"text_exposed_show\">que et suivaient les diff\u00e9rentes exigences morales.<\/p>\n<p>Les Grecs demandent \u00e0 Philippe de voir J\u00e9sus. Ils ont surement eu vent de la foule qui l&rsquo;avait acclam\u00e9. Nous avons tous \u00e9t\u00e9 de temps \u00e0 autre les Grecs et Philippe. Nous avons eu besoin d&rsquo;\u00eatre accueillis et d&rsquo;\u00eatre conduits vers le Christ. Peut-\u00eatre m\u00eame aujourd&rsquo;hui o\u00f9 je sens que je m&rsquo;\u00e9loigne de Dieu, nous avons besoin de t\u00e9moins comme Philippe pour nous guider. Mais \u00e0 nous aussi d&rsquo;\u00eatre les t\u00e9moins pour nos fr\u00e8res qui sont en attente du Christ ou qui ne le connaissent pas encore !<\/p>\n<p>Prenons du temps cette semaine pour penser \u00e0 tous ceux qui dans nos vies ont tenu le r\u00f4le de Philippe et nous ont amen\u00e9s jusqu&rsquo;au Christ. Prenons \u00e9galement le temps de prier dans notre Eglise universelle pour tous nos fr\u00e8res que nous avons \u00e0 notre tour \u00e0 accueillir et \u00e0 leur faire rencontrer le Christ.<\/span><\/strong><\/p>\n","protected":false},"excerpt":{"rendered":"<p>\u00ab\u00a0En ce temps-l\u00e0, il y avait quelques Grecs parmi ceux qui \u00e9taient mont\u00e9s \u00e0 J\u00e9rusalem pour adorer Dieu pendant la f\u00eate de la P\u00e2que\u00a0\u00bb (Jean 12, 20) &gt; J\u00e9sus vient d&rsquo;arriver \u00e0 J\u00e9rusalem pour la P\u00e2que accueilli par une grande foule. Dans cette foule, de nombreux juifs pratiquants mais \u00e9galement des \u00e9trangers. Les Grecs sont dans la Bible consid\u00e9r\u00e9s comme pa\u00efens mais qui acceptaient la croyance en un Dieu unique et suivaient les diff\u00e9rentes exigences morales. Les Grecs demandent \u00e0 Philippe de voir J\u00e9sus. Ils ont surement eu vent de la foule qui l&rsquo;avait acclam\u00e9. Nous avons tous \u00e9t\u00e9 de temps \u00e0 autre les Grecs et Philippe. Nous avons eu \u2026 <a class=\"continue-reading-link\" href=\"https:\/\/levangilealecran.com\/?p=1418\"> Continue reading <span class=\"meta-nav\">&rarr; <\/span><\/a><\/p>\n","protected":false},"author":2006,"featured_media":0,"comment_status":"open","ping_status":"open","sticky":false,"template":"","format":"standard","meta":{"footnotes":""},"categories":[44,5],"tags":[156],"class_list":["post-1418","post","type-post","status-publish","format-standard","hentry","category-careme","category-jean","tag-temoins"],"_links":{"self":[{"href":"https:\/\/levangilealecran.com\/index.php?rest_route=\/wp\/v2\/posts\/1418","targetHints":{"allow":["GET"]}}],"collection":[{"href":"https:\/\/levangilealecran.com\/index.php?rest_route=\/wp\/v2\/posts"}],"about":[{"href":"https:\/\/levangilealecran.com\/index.php?rest_route=\/wp\/v2\/types\/post"}],"author":[{"embeddable":true,"href":"https:\/\/levangilealecran.com\/index.php?rest_route=\/wp\/v2\/users\/2006"}],"replies":[{"embeddable":true,"href":"https:\/\/levangilealecran.com\/index.php?rest_route=%2Fwp%2Fv2%2Fcomments&post=1418"}],"version-history":[{"count":1,"href":"https:\/\/levangilealecran.com\/index.php?rest_route=\/wp\/v2\/posts\/1418\/revisions"}],"predecessor-version":[{"id":1420,"href":"https:\/\/levangilealecran.com\/index.php?rest_route=\/wp\/v2\/posts\/1418\/revisions\/1420"}],"wp:attachment":[{"href":"https:\/\/levangilealecran.com\/index.php?rest_route=%2Fwp%2Fv2%2Fmedia&parent=1418"}],"wp:term":[{"taxonomy":"category","embeddable":true,"href":"https:\/\/levangilealecran.com\/index.php?rest_route=%2Fwp%2Fv2%2Fcategories&post=1418"},{"taxonomy":"post_tag","embeddable":true,"href":"https:\/\/levangilealecran.com\/index.php?rest_route=%2Fwp%2Fv2%2Ftags&post=1418"}],"curies":[{"name":"wp","href":"https:\/\/api.w.org\/{rel}","templated":true}]}}