{"id":1412,"date":"2018-03-23T08:00:00","date_gmt":"2018-03-23T07:00:00","guid":{"rendered":"http:\/\/levangilealecran.com?p=1412"},"modified":"2018-03-15T14:59:34","modified_gmt":"2018-03-15T13:59:34","slug":"dimanche-des-rameaux-et-de-la-passion-du-seigneur","status":"publish","type":"post","link":"https:\/\/levangilealecran.com\/?p=1412","title":{"rendered":"Dimanche des Rameaux et de la Passion du Seigneur"},"content":{"rendered":"<blockquote><p>J\u00e9sus disait : \u00ab Abba\u2026 P\u00e8re, tout est possible pour toi. \u00c9loigne de moi cette coupe. Cependant, non pas ce que moi, je veux, mais ce que toi, tu veux ! \u00bb (Marc 14,36)<\/p><\/blockquote>\n<p><a href=\"http:\/\/levangilealecran.comwp-content\/uploads\/2018\/02\/20180325_Mc1436.png\"><img loading=\"lazy\" decoding=\"async\" class=\"aligncenter size-medium wp-image-1413\" src=\"http:\/\/levangilealecran.comwp-content\/uploads\/2018\/02\/20180325_Mc1436-300x300.png\" alt=\"\" width=\"300\" height=\"300\" srcset=\"https:\/\/levangilealecran.com\/wp-content\/uploads\/2018\/02\/20180325_Mc1436-300x300.png 300w, https:\/\/levangilealecran.com\/wp-content\/uploads\/2018\/02\/20180325_Mc1436-150x150.png 150w, https:\/\/levangilealecran.com\/wp-content\/uploads\/2018\/02\/20180325_Mc1436-768x768.png 768w, https:\/\/levangilealecran.com\/wp-content\/uploads\/2018\/02\/20180325_Mc1436-1024x1024.png 1024w, https:\/\/levangilealecran.com\/wp-content\/uploads\/2018\/02\/20180325_Mc1436-600x600.png 600w, https:\/\/levangilealecran.com\/wp-content\/uploads\/2018\/02\/20180325_Mc1436.png 1200w\" sizes=\"auto, (max-width: 300px) 100vw, 300px\" \/><\/a><\/p>\n<p>&gt; C\u2019est la f\u00eate des Rameaux : l&rsquo;entr\u00e9e de J\u00e9sus dans J\u00e9rusalem pour y \u00eatre jug\u00e9. Ce Dimanche, l\u2019\u00c9vangile parcours tout le texte de la passion de J\u00e9sus-Christ : deux chapitres entiers. C\u2019est le d\u00e9fi : de tout ce que la Bible nous met \u00e0 disposition, quel verset me parle aujourd&rsquo;hui ? Il ne s\u2019agit pas de le sortir de son contexte mais de le laisser nous habiter en sachant ce qu\u2019il y a avant et apr\u00e8s.<\/p>\n<p><strong>&gt; \u00c0 l\u2019approche de sa mort, J\u00e9sus reconna\u00eet que tout est possible pour son P\u00e8re et lui demande d\u2019emp\u00eacher cela. Quand surgit dans nos vie l\u2019\u00e9preuve, l\u2019injustice, ne voudrions-nous pas aussi que le Seigneur balaie de sa toute puissance la douleur qui nous accable ? Si le P\u00e8re laisse mourir son Fils cela veut-il dire qu\u2019il permet le mal et la mort ? Que si je souffre maintenant, c\u2019est que le plan du Seigneur est plus grand que nous, qu\u2019il d\u00e9passe notre entendement ? Si intellectuellement on pourrait \u00eatre d\u2019accord, c\u2019est pourtant tr\u00e8s difficile \u00e0 accepter et \u00e0 vivre sur le moment. Comme J\u00e9sus nous voudrions dire \u00e0 Dieu \u00ab ce que toi tu veux ! \u00bb mais pour y arriver il nous faut \u00eatre entour\u00e9s et port\u00e9s par l\u2019Esprit de Dieu. Ce n\u2019est pas une pri\u00e8re d\u2019un instant, utilis\u00e9e comme une formule magique. Dans ce passage, J\u00e9sus est en train de prier depuis plusieurs heures, \u00e0 l\u2019\u00e9cart, avec les disciples \u2013 qui certes se sont endormis \u2013 mais qui sont l\u00e0 !<\/strong><\/p>\n<p><strong>&gt; Dans l\u2019\u00e9preuve et la douleur, n\u2019oublions pas que J\u00e9sus a aussi gu\u00e9ri. Le P\u00e8re, \u00ab\u00a0Abba\u00a0\u00bb, par son Fils J\u00e9sus n\u2019a pas fini de prendre soin de nous et, Il l\u2019a promis, Il nous envoie son Esprit pour nous prot\u00e9ger. Si nous passons par une p\u00e9riode de vie o\u00f9 les difficult\u00e9s semblent s\u2019\u00e9terniser, ne restons pas seul, entourons-nous de nos proches ou d\u2019une communaut\u00e9 et ensemble osons prier l\u2019Esprit pour qu\u2019il nous donne la foi qui sauve et la confiance que quelque chose de bon germera, m\u00eame si c\u2019est seulement apr\u00e8s plusieurs ann\u00e9es\u2026 Oui c\u2019est facile \u00e0 dire, mais que le Seigneur vous b\u00e9nisse, c\u2019est-\u00e0-dire, qu\u2019Il dise du bien de vous. Et quand Dieu parle, il cr\u00e9\u00e9 la vie !<\/strong><\/p>\n<p>Dimanche 25 mars 2018 &#8211; Dimanche des Rameaux et de la Passion du Seigneur<\/p>\n","protected":false},"excerpt":{"rendered":"<p>J\u00e9sus disait : \u00ab Abba\u2026 P\u00e8re, tout est possible pour toi. \u00c9loigne de moi cette coupe. Cependant, non pas ce que moi, je veux, mais ce que toi, tu veux ! \u00bb (Marc 14,36) &gt; C\u2019est la f\u00eate des Rameaux : l&rsquo;entr\u00e9e de J\u00e9sus dans J\u00e9rusalem pour y \u00eatre jug\u00e9. Ce Dimanche, l\u2019\u00c9vangile parcours tout le texte de la passion de J\u00e9sus-Christ : deux chapitres entiers. C\u2019est le d\u00e9fi : de tout ce que la Bible nous met \u00e0 disposition, quel verset me parle aujourd&rsquo;hui ? Il ne s\u2019agit pas de le sortir de son contexte mais de le laisser nous habiter en sachant ce qu\u2019il y a avant et \u2026 <a class=\"continue-reading-link\" href=\"https:\/\/levangilealecran.com\/?p=1412\"> Continue reading <span class=\"meta-nav\">&rarr; <\/span><\/a><\/p>\n","protected":false},"author":2006,"featured_media":0,"comment_status":"open","ping_status":"open","sticky":false,"template":"","format":"standard","meta":{"footnotes":""},"categories":[44,24,7,74],"tags":[576,631,235,59],"class_list":["post-1412","post","type-post","status-publish","format-standard","hentry","category-careme","category-fetes","category-marc","category-temps-pascal","tag-espoir","tag-injustice","tag-mort","tag-rameaux"],"_links":{"self":[{"href":"https:\/\/levangilealecran.com\/index.php?rest_route=\/wp\/v2\/posts\/1412","targetHints":{"allow":["GET"]}}],"collection":[{"href":"https:\/\/levangilealecran.com\/index.php?rest_route=\/wp\/v2\/posts"}],"about":[{"href":"https:\/\/levangilealecran.com\/index.php?rest_route=\/wp\/v2\/types\/post"}],"author":[{"embeddable":true,"href":"https:\/\/levangilealecran.com\/index.php?rest_route=\/wp\/v2\/users\/2006"}],"replies":[{"embeddable":true,"href":"https:\/\/levangilealecran.com\/index.php?rest_route=%2Fwp%2Fv2%2Fcomments&post=1412"}],"version-history":[{"count":3,"href":"https:\/\/levangilealecran.com\/index.php?rest_route=\/wp\/v2\/posts\/1412\/revisions"}],"predecessor-version":[{"id":1416,"href":"https:\/\/levangilealecran.com\/index.php?rest_route=\/wp\/v2\/posts\/1412\/revisions\/1416"}],"wp:attachment":[{"href":"https:\/\/levangilealecran.com\/index.php?rest_route=%2Fwp%2Fv2%2Fmedia&parent=1412"}],"wp:term":[{"taxonomy":"category","embeddable":true,"href":"https:\/\/levangilealecran.com\/index.php?rest_route=%2Fwp%2Fv2%2Fcategories&post=1412"},{"taxonomy":"post_tag","embeddable":true,"href":"https:\/\/levangilealecran.com\/index.php?rest_route=%2Fwp%2Fv2%2Ftags&post=1412"}],"curies":[{"name":"wp","href":"https:\/\/api.w.org\/{rel}","templated":true}]}}