{"id":1406,"date":"2018-03-09T11:36:37","date_gmt":"2018-03-09T10:36:37","guid":{"rendered":"http:\/\/levangilealecran.com?p=1406"},"modified":"2018-03-09T17:04:21","modified_gmt":"2018-03-09T16:04:21","slug":"dimanche-11-mars-2018-4e-dimanche-du-careme","status":"publish","type":"post","link":"https:\/\/levangilealecran.com\/?p=1406","title":{"rendered":"4e dimanche du Car\u00eame &#8211; ann\u00e9e B"},"content":{"rendered":"<p>\u00ab Dieu n\u2019a pas envoy\u00e9 son Fils dans le monde pour juger le monde, mais pour que le monde soit sauv\u00e9 par lui. \u00bb (Jn 3, 17)<\/p>\n<p><a href=\"http:\/\/levangilealecran.comwp-content\/uploads\/2018\/03\/20180309_jn317.png\"><img loading=\"lazy\" decoding=\"async\" class=\"aligncenter size-medium wp-image-1409\" src=\"http:\/\/levangilealecran.comwp-content\/uploads\/2018\/03\/20180309_jn317-300x300.png\" alt=\"\" width=\"300\" height=\"300\" srcset=\"https:\/\/levangilealecran.com\/wp-content\/uploads\/2018\/03\/20180309_jn317-300x300.png 300w, https:\/\/levangilealecran.com\/wp-content\/uploads\/2018\/03\/20180309_jn317-150x150.png 150w, https:\/\/levangilealecran.com\/wp-content\/uploads\/2018\/03\/20180309_jn317-768x768.png 768w, https:\/\/levangilealecran.com\/wp-content\/uploads\/2018\/03\/20180309_jn317-1024x1024.png 1024w, https:\/\/levangilealecran.com\/wp-content\/uploads\/2018\/03\/20180309_jn317-600x600.png 600w, https:\/\/levangilealecran.com\/wp-content\/uploads\/2018\/03\/20180309_jn317.png 1200w\" sizes=\"auto, (max-width: 300px) 100vw, 300px\" \/><\/a><\/p>\n<div class=\"text_exposed_show\">\n<p><strong>&gt;La tradition de l\u2019Eglise propose comme une pause joyeuse au coeur du Car\u00eame le quatri\u00e8me dimanche, dit \u00ab Laetare \u00bb: \u00ab R\u00e9jouis-toi \u00bb. Ce n\u2019est pas une simple respiration dans un chemin de repentance. Mais plut\u00f4t un rappel fondamental: le geste de Dieu en Christ est un geste de salut et non de jugement.<\/strong><\/p>\n<p><strong>Nous sommes prompts \u00e0 examiner nos vies et culpabiliser face \u00e0 tout ce qui dysfonctionne ou n\u2019est pas \u00e0 la hauteur de nos souhaits. Jusqu\u2019\u00e0 faire de nos regrets, d\u00e9ceptions, hontes ou ombres le centre de nos pr\u00e9occupations. Mais cet examen n\u2019est utile qu\u2019\u00e0 condition qu\u2019il am\u00e8ne davantage de vie. Le but, c\u2019est le salut, et non la mortification. Etre \u00e0 nouveau r\u00e9concili\u00e9, complet, et non se fragmenter encore davantage.<\/strong><\/p>\n<p><strong>Au coeur du Car\u00eame, la Parole du Christ nous rappelle l\u2019essentiel: recevoir le salut. Tout l\u2019\u00eatre de Dieu va dans cette direction: non pas ce qui juge, mais ce qui sauve. Ce n\u2019est pas le jugement qui sauve, mais l\u2019amour.<\/strong><\/p>\n<p><strong>Et si nous saisissions l\u2019occasion de relire notre propre vie sous cet angle-l\u00e0? Quitter le regard de jugement \u00e0 notre propre \u00e9gard, pour consid\u00e9rer nos ombres comme autant d\u2019occasion de croissance et de trouver une identit\u00e9 plus compl\u00e8te? Nous rejoindrions alors ce que propose le p\u00e8re Jean Monbourquette: cheminer non pas en jugeant ou repoussant nos ombres, mais en les apprivoisant pour gu\u00e9rir notre identit\u00e9 \u00e9clat\u00e9e. Et peut-\u00eatre alors mieux entrer en communion avec ces autres qui sont mes semblables. Et avec ce Dieu qui ne me juge pas mais me sauve.<\/strong><\/p>\n<\/div>\n","protected":false},"excerpt":{"rendered":"<p>\u00ab Dieu n\u2019a pas envoy\u00e9 son Fils dans le monde pour juger le monde, mais pour que le monde soit sauv\u00e9 par lui. \u00bb (Jn 3, 17) &gt;La tradition de l\u2019Eglise propose comme une pause joyeuse au coeur du Car\u00eame le quatri\u00e8me dimanche, dit \u00ab Laetare \u00bb: \u00ab R\u00e9jouis-toi \u00bb. Ce n\u2019est pas une simple respiration dans un chemin de repentance. Mais plut\u00f4t un rappel fondamental: le geste de Dieu en Christ est un geste de salut et non de jugement. Nous sommes prompts \u00e0 examiner nos vies et culpabiliser face \u00e0 tout ce qui dysfonctionne ou n\u2019est pas \u00e0 la hauteur de nos souhaits. Jusqu\u2019\u00e0 faire de nos regrets, \u2026 <a class=\"continue-reading-link\" href=\"https:\/\/levangilealecran.com\/?p=1406\"> Continue reading <span class=\"meta-nav\">&rarr; <\/span><\/a><\/p>\n","protected":false},"author":2006,"featured_media":0,"comment_status":"open","ping_status":"open","sticky":false,"template":"","format":"standard","meta":{"footnotes":""},"categories":[44,5],"tags":[16,178,504,352],"class_list":["post-1406","post","type-post","status-publish","format-standard","hentry","category-careme","category-jean","tag-amour","tag-communion","tag-jugement","tag-salut"],"_links":{"self":[{"href":"https:\/\/levangilealecran.com\/index.php?rest_route=\/wp\/v2\/posts\/1406","targetHints":{"allow":["GET"]}}],"collection":[{"href":"https:\/\/levangilealecran.com\/index.php?rest_route=\/wp\/v2\/posts"}],"about":[{"href":"https:\/\/levangilealecran.com\/index.php?rest_route=\/wp\/v2\/types\/post"}],"author":[{"embeddable":true,"href":"https:\/\/levangilealecran.com\/index.php?rest_route=\/wp\/v2\/users\/2006"}],"replies":[{"embeddable":true,"href":"https:\/\/levangilealecran.com\/index.php?rest_route=%2Fwp%2Fv2%2Fcomments&post=1406"}],"version-history":[{"count":3,"href":"https:\/\/levangilealecran.com\/index.php?rest_route=\/wp\/v2\/posts\/1406\/revisions"}],"predecessor-version":[{"id":1410,"href":"https:\/\/levangilealecran.com\/index.php?rest_route=\/wp\/v2\/posts\/1406\/revisions\/1410"}],"wp:attachment":[{"href":"https:\/\/levangilealecran.com\/index.php?rest_route=%2Fwp%2Fv2%2Fmedia&parent=1406"}],"wp:term":[{"taxonomy":"category","embeddable":true,"href":"https:\/\/levangilealecran.com\/index.php?rest_route=%2Fwp%2Fv2%2Fcategories&post=1406"},{"taxonomy":"post_tag","embeddable":true,"href":"https:\/\/levangilealecran.com\/index.php?rest_route=%2Fwp%2Fv2%2Ftags&post=1406"}],"curies":[{"name":"wp","href":"https:\/\/api.w.org\/{rel}","templated":true}]}}