{"id":1355,"date":"2018-02-23T08:00:37","date_gmt":"2018-02-23T07:00:37","guid":{"rendered":"http:\/\/levangilealecran.com?p=1355"},"modified":"2018-02-22T20:34:28","modified_gmt":"2018-02-22T19:34:28","slug":"2eme-dimanche-de-careme-b","status":"publish","type":"post","link":"https:\/\/levangilealecran.com\/?p=1355","title":{"rendered":"2\u00e8me Dimanche de Car\u00eame \u2014 B"},"content":{"rendered":"<blockquote><p>\u00ab Pierre alors prend la parole et dit \u00e0 J\u00e9sus : \u00ab Rabbi, il est bon que nous soyons ici ! Dressons donc trois tentes : une pour toi, une pour Mo\u00efse, et une pour \u00c9lie. \u00bb De fait, Pierre ne savait que dire, tant leur frayeur \u00e9tait grande. \u00bb (Marc 9, 5-6)<\/p><\/blockquote>\n<p><a href=\"http:\/\/levangilealecran.comwp-content\/uploads\/2018\/02\/20180222_mc97.png\"><img loading=\"lazy\" decoding=\"async\" class=\"aligncenter size-medium wp-image-1358\" src=\"http:\/\/levangilealecran.comwp-content\/uploads\/2018\/02\/20180222_mc97-300x300.png\" alt=\"\" width=\"300\" height=\"300\" srcset=\"https:\/\/levangilealecran.com\/wp-content\/uploads\/2018\/02\/20180222_mc97-300x300.png 300w, https:\/\/levangilealecran.com\/wp-content\/uploads\/2018\/02\/20180222_mc97-150x150.png 150w, https:\/\/levangilealecran.com\/wp-content\/uploads\/2018\/02\/20180222_mc97.png 600w\" sizes=\"auto, (max-width: 300px) 100vw, 300px\" \/><\/a><\/p>\n<p><strong>&gt; Pierre, ce fid\u00e8le disciple, ce roc toujours prompt \u00e0 agir, devant l\u2019apparition onirique du Christ transfigur\u00e9, ne sait plus quoi dire. Il cherche \u00e0 agir, mais ne comprend pas. Il est effray\u00e9.<\/strong><\/p>\n<p><strong>Le car\u00eame est un \u00ab temps mort \u00bb pour la vie qui nous offre cette possibilit\u00e9 de la prise de distance et du silence. Au lieu de nous perdre dans notre soci\u00e9t\u00e9 du trop plein ou dans l\u2019activisme comme Pierre ici, si nous essayions pendant le car\u00eame de nous mettre \u00e0 l\u2019\u00e9cart, sur une haute montagne par exemple, et de faire silence ? Peut-\u00eatre alors entendrons-nous une parole d\u2019amour invitant \u00e0 la confiance telle que : \u00ab Celui-ci est mon Fils bien-aim\u00e9 : \u00e9coutez-le ! \u00bb. Ecoutons-le, dans le calme et la confiance, comme le dit le proph\u00e8te Esa\u00efe : \u00ab Votre salut est dans la conversion et le repos, votre force est dans le calme et la confiance. \u00bb (Es 30,15)<\/strong><\/p>\n","protected":false},"excerpt":{"rendered":"<p>\u00ab Pierre alors prend la parole et dit \u00e0 J\u00e9sus : \u00ab Rabbi, il est bon que nous soyons ici ! Dressons donc trois tentes : une pour toi, une pour Mo\u00efse, et une pour \u00c9lie. \u00bb De fait, Pierre ne savait que dire, tant leur frayeur \u00e9tait grande. \u00bb (Marc 9, 5-6) &gt; Pierre, ce fid\u00e8le disciple, ce roc toujours prompt \u00e0 agir, devant l\u2019apparition onirique du Christ transfigur\u00e9, ne sait plus quoi dire. Il cherche \u00e0 agir, mais ne comprend pas. Il est effray\u00e9. Le car\u00eame est un \u00ab temps mort \u00bb pour la vie qui nous offre cette possibilit\u00e9 de la prise de distance et du silence. \u2026 <a class=\"continue-reading-link\" href=\"https:\/\/levangilealecran.com\/?p=1355\"> Continue reading <span class=\"meta-nav\">&rarr; <\/span><\/a><\/p>\n","protected":false},"author":2006,"featured_media":0,"comment_status":"open","ping_status":"open","sticky":false,"template":"","format":"standard","meta":{"footnotes":""},"categories":[44,7],"tags":[630,26,242],"class_list":["post-1355","post","type-post","status-publish","format-standard","hentry","category-careme","category-marc","tag-activisme","tag-confiance","tag-prendre-le-temps"],"_links":{"self":[{"href":"https:\/\/levangilealecran.com\/index.php?rest_route=\/wp\/v2\/posts\/1355","targetHints":{"allow":["GET"]}}],"collection":[{"href":"https:\/\/levangilealecran.com\/index.php?rest_route=\/wp\/v2\/posts"}],"about":[{"href":"https:\/\/levangilealecran.com\/index.php?rest_route=\/wp\/v2\/types\/post"}],"author":[{"embeddable":true,"href":"https:\/\/levangilealecran.com\/index.php?rest_route=\/wp\/v2\/users\/2006"}],"replies":[{"embeddable":true,"href":"https:\/\/levangilealecran.com\/index.php?rest_route=%2Fwp%2Fv2%2Fcomments&post=1355"}],"version-history":[{"count":3,"href":"https:\/\/levangilealecran.com\/index.php?rest_route=\/wp\/v2\/posts\/1355\/revisions"}],"predecessor-version":[{"id":1359,"href":"https:\/\/levangilealecran.com\/index.php?rest_route=\/wp\/v2\/posts\/1355\/revisions\/1359"}],"wp:attachment":[{"href":"https:\/\/levangilealecran.com\/index.php?rest_route=%2Fwp%2Fv2%2Fmedia&parent=1355"}],"wp:term":[{"taxonomy":"category","embeddable":true,"href":"https:\/\/levangilealecran.com\/index.php?rest_route=%2Fwp%2Fv2%2Fcategories&post=1355"},{"taxonomy":"post_tag","embeddable":true,"href":"https:\/\/levangilealecran.com\/index.php?rest_route=%2Fwp%2Fv2%2Ftags&post=1355"}],"curies":[{"name":"wp","href":"https:\/\/api.w.org\/{rel}","templated":true}]}}