{"id":1344,"date":"2018-02-09T11:28:08","date_gmt":"2018-02-09T10:28:08","guid":{"rendered":"http:\/\/levangilealecran.com?p=1344"},"modified":"2018-02-22T19:08:54","modified_gmt":"2018-02-22T18:08:54","slug":"6e-dimanche-du-temps-ordinaire-b","status":"publish","type":"post","link":"https:\/\/levangilealecran.com\/?p=1344","title":{"rendered":"6e dimanche du temps ordinaire \u2013 B"},"content":{"rendered":"<p>\u00ab\u00a0Un l\u00e9preux s\u2019approcha de lui. Il le supplia, tomba \u00e0 genoux devant lui et lui dit : Si tu le veux, tu peux me rendre pur.\u00a0\u00bb (Marc 1,40)<\/p>\n<p><a href=\"http:\/\/levangilealecran.comwp-content\/uploads\/2018\/02\/20180209.jpg\"><img loading=\"lazy\" decoding=\"async\" class=\"aligncenter size-medium wp-image-1350\" src=\"http:\/\/levangilealecran.comwp-content\/uploads\/2018\/02\/20180209-300x300.jpg\" alt=\"\" width=\"300\" height=\"300\" srcset=\"https:\/\/levangilealecran.com\/wp-content\/uploads\/2018\/02\/20180209-300x300.jpg 300w, https:\/\/levangilealecran.com\/wp-content\/uploads\/2018\/02\/20180209-150x150.jpg 150w, https:\/\/levangilealecran.com\/wp-content\/uploads\/2018\/02\/20180209-768x768.jpg 768w, https:\/\/levangilealecran.com\/wp-content\/uploads\/2018\/02\/20180209-1024x1024.jpg 1024w, https:\/\/levangilealecran.com\/wp-content\/uploads\/2018\/02\/20180209-600x600.jpg 600w, https:\/\/levangilealecran.com\/wp-content\/uploads\/2018\/02\/20180209.jpg 1200w\" sizes=\"auto, (max-width: 300px) 100vw, 300px\" \/><\/a><\/p>\n<p><strong>&gt;Dans cet \u00e9pisode, nous sommes au d\u00e9but de l\u2019\u00c9vangile de Marc et cela fait d\u00e9j\u00e0 un moment que J\u00e9sus parcourt la Galil\u00e9e pour chasser les d\u00e9mons et gu\u00e9rir. Ici c\u2019est un l\u00e9preux qui d\u00e9sire rencontrer J\u00e9sus. Il est int\u00e9ressant qu\u2019il ne demande pas \u00e0 \u00eatre gu\u00e9ri mais d\u2019\u00eatre rendu pur. Il y a pour lui \u00e9galement un enjeu social : selon leur loi, re\u00e7ue de Mo\u00efse, les juifs atteints de maladie de peau \u00e9taient trait\u00e9s d\u2019impur, ils devaient le crier haut et fort, et ils \u00e9taient exclus des villages.<\/strong><\/p>\n<p><strong>Qu\u2019est-ce que l\u2019impuret\u00e9 ? C\u2019est lorsque nous somme grignot\u00e9s, \u00e0 l\u2019int\u00e9rieur ou \u00e0 l\u2019ext\u00e9rieur, par quelque chose qui nous tache, nous affaiblit et nous \u00e9carte des autres et de la vie que Dieu d\u00e9sire pour nous. L\u2019impuret\u00e9, c\u2019est l\u2019absence de Dieu.<\/strong><\/p>\n<p><strong>\u00ab Si tu le veux \u00bb \u2013 autrement dit et souvent pri\u00e9 \u2013 \u00ab Que ta volont\u00e9 soit faite ! \u00bb, c\u2019est la volont\u00e9 de J\u00e9sus de nous rendre pur, de nous r\u00e9int\u00e9grer et nous mettre en lien avec les autres. Il ne nous impose rien, il attend que nous prenions conscience de notre \u00e9loignement et que nous le lui demandions.<\/strong><\/p>\n","protected":false},"excerpt":{"rendered":"<p>\u00ab\u00a0Un l\u00e9preux s\u2019approcha de lui. Il le supplia, tomba \u00e0 genoux devant lui et lui dit : Si tu le veux, tu peux me rendre pur.\u00a0\u00bb (Marc 1,40) &gt;Dans cet \u00e9pisode, nous sommes au d\u00e9but de l\u2019\u00c9vangile de Marc et cela fait d\u00e9j\u00e0 un moment que J\u00e9sus parcourt la Galil\u00e9e pour chasser les d\u00e9mons et gu\u00e9rir. Ici c\u2019est un l\u00e9preux qui d\u00e9sire rencontrer J\u00e9sus. Il est int\u00e9ressant qu\u2019il ne demande pas \u00e0 \u00eatre gu\u00e9ri mais d\u2019\u00eatre rendu pur. Il y a pour lui \u00e9galement un enjeu social : selon leur loi, re\u00e7ue de Mo\u00efse, les juifs atteints de maladie de peau \u00e9taient trait\u00e9s d\u2019impur, ils devaient le crier haut et \u2026 <a class=\"continue-reading-link\" href=\"https:\/\/levangilealecran.com\/?p=1344\"> Continue reading <span class=\"meta-nav\">&rarr; <\/span><\/a><\/p>\n","protected":false},"author":2006,"featured_media":0,"comment_status":"open","ping_status":"open","sticky":false,"template":"","format":"standard","meta":{"footnotes":""},"categories":[4,7],"tags":[153,628,627],"class_list":["post-1344","post","type-post","status-publish","format-standard","hentry","category-dimanche","category-marc","tag-guerison","tag-lien","tag-purete"],"_links":{"self":[{"href":"https:\/\/levangilealecran.com\/index.php?rest_route=\/wp\/v2\/posts\/1344","targetHints":{"allow":["GET"]}}],"collection":[{"href":"https:\/\/levangilealecran.com\/index.php?rest_route=\/wp\/v2\/posts"}],"about":[{"href":"https:\/\/levangilealecran.com\/index.php?rest_route=\/wp\/v2\/types\/post"}],"author":[{"embeddable":true,"href":"https:\/\/levangilealecran.com\/index.php?rest_route=\/wp\/v2\/users\/2006"}],"replies":[{"embeddable":true,"href":"https:\/\/levangilealecran.com\/index.php?rest_route=%2Fwp%2Fv2%2Fcomments&post=1344"}],"version-history":[{"count":3,"href":"https:\/\/levangilealecran.com\/index.php?rest_route=\/wp\/v2\/posts\/1344\/revisions"}],"predecessor-version":[{"id":1349,"href":"https:\/\/levangilealecran.com\/index.php?rest_route=\/wp\/v2\/posts\/1344\/revisions\/1349"}],"wp:attachment":[{"href":"https:\/\/levangilealecran.com\/index.php?rest_route=%2Fwp%2Fv2%2Fmedia&parent=1344"}],"wp:term":[{"taxonomy":"category","embeddable":true,"href":"https:\/\/levangilealecran.com\/index.php?rest_route=%2Fwp%2Fv2%2Fcategories&post=1344"},{"taxonomy":"post_tag","embeddable":true,"href":"https:\/\/levangilealecran.com\/index.php?rest_route=%2Fwp%2Fv2%2Ftags&post=1344"}],"curies":[{"name":"wp","href":"https:\/\/api.w.org\/{rel}","templated":true}]}}