{"id":1337,"date":"2018-01-26T08:01:04","date_gmt":"2018-01-26T07:01:04","guid":{"rendered":"http:\/\/levangilealecran.com?p=1337"},"modified":"2018-01-26T11:03:14","modified_gmt":"2018-01-26T10:03:14","slug":"4e-dimanche-du-temps-ordinaire-b","status":"publish","type":"post","link":"https:\/\/levangilealecran.com\/?p=1337","title":{"rendered":"4e dimanche du temps ordinaire &#8211; B"},"content":{"rendered":"<div class=\"\" data-block=\"true\" data-editor=\"57e7n\" data-offset-key=\"8b0ip-0-0\">\n<div class=\"_1mf _1mj\" data-offset-key=\"8b0ip-0-0\"><span data-offset-key=\"8b0ip-0-0\">L\u2019esprit impur dit: \u00ab Je sais qui tu es: tu es le Saint de Dieu. \u00bb J\u00e9sus l\u2019interpella vivement: \u00ab Tais-toi! Sors de cet homme: \u00bb (Marc 1, 24b-25)<\/span><\/div>\n<div data-offset-key=\"8b0ip-0-0\"><\/div>\n<\/div>\n<div class=\"\" data-block=\"true\" data-editor=\"57e7n\" data-offset-key=\"aq29k-0-0\">\n<div class=\"_1mf _1mj\" data-offset-key=\"aq29k-0-0\"><span data-offset-key=\"aq29k-0-0\">\u00a0<\/span><\/div>\n<\/div>\n<div class=\"\" data-block=\"true\" data-editor=\"57e7n\" data-offset-key=\"egas3-0-0\">\n<div class=\"_1mf _1mj\" data-offset-key=\"egas3-0-0\"><strong>&gt; Il est des savoirs qui aident \u00e0 vivre, et il est des savoirs qui enferment. Il est des paroles qui portent et nourrissent, et des paroles qui rabaissent et finissent par tuer.<\/strong><\/div>\n<\/div>\n<div class=\"\" data-block=\"true\" data-editor=\"57e7n\" data-offset-key=\"dfo3q-0-0\">\n<div class=\"_1mf _1mj\" data-offset-key=\"dfo3q-0-0\"><strong>\u00a0<\/strong><\/div>\n<\/div>\n<div class=\"\" data-block=\"true\" data-editor=\"57e7n\" data-offset-key=\"8gk5g-0-0\">\n<div class=\"_1mf _1mj\" data-offset-key=\"8gk5g-0-0\"><strong>Lorsque nous disons ou pensons \u00ab Je sais qui tu es \u00bb, qu\u2019offrons-nous \u00e0 l\u2019autre? Quelque chose qui ouvre ou quelque chose qui ferme? Quand nous le disons du Christ, notre parole invite-t-elle \u00e0 l\u2019inattendu, au myst\u00e8re, \u00e0 l\u2019\u00e9tonnement, ou bien est-elle certitude scl\u00e9ros\u00e9e, pr\u00e9tentieuse et finalement mortif\u00e8re?<\/strong><\/div>\n<\/div>\n<div class=\"\" data-block=\"true\" data-editor=\"57e7n\" data-offset-key=\"ecseo-0-0\">\n<div class=\"_1mf _1mj\" data-offset-key=\"ecseo-0-0\"><strong>\u00a0<\/strong><\/div>\n<\/div>\n<div class=\"\" data-block=\"true\" data-editor=\"57e7n\" data-offset-key=\"6acua-0-0\">\n<div class=\"_1mf _1mj\" data-offset-key=\"6acua-0-0\"><strong>Il n\u2019y a rien de faux dans le fait de dire de J\u00e9sus \u00ab tu es le Saint de Dieu \u00bb. Ce qui fait sonner cette parole faux, c\u2019est ce qui se cache derri\u00e8re: \u00ab es-tu venu pour nous perdre, nous, cet homme poss\u00e9d\u00e9 aussi et pas seulement moi qui le poss\u00e8de? \u00bb Ce qui fait sonner cette parole faux, c\u2019est la peur, le rejet, la haine, la volont\u00e9 de garder le pouvoir, les pr\u00e9jug\u00e9s, la m\u00e9fiance: bref, c\u2019est tout ce qui se cache derri\u00e8re ces quelques mots.<\/strong><\/div>\n<\/div>\n<div class=\"\" data-block=\"true\" data-editor=\"57e7n\" data-offset-key=\"fvn5o-0-0\">\n<div class=\"_1mf _1mj\" data-offset-key=\"fvn5o-0-0\"><strong>\u00a0<\/strong><\/div>\n<\/div>\n<div class=\"\" data-block=\"true\" data-editor=\"57e7n\" data-offset-key=\"fvvav-0-0\">\n<div class=\"_1mf _1mj\" data-offset-key=\"fvvav-0-0\"><strong>Que se cache-t-il derri\u00e8re nos \u00ab je sais\u2026 \u00bb? Pour soi-m\u00eame? Pour l\u2019autre? Pour Dieu? Est-ce une voix qui porte la vie et son \u00e9panouissement, un savoir qui se sait d\u00e9ficient et humble, une parole qui invite et ouvre? Ou est-ce une voix qui n\u2019aide pas \u00e0 vivre, et \u00e0 laquelle il vaut mieux dire: \u00ab tais-toi\u2026 et sors! \u00bb?<\/strong><\/div>\n<\/div>\n","protected":false},"excerpt":{"rendered":"<p>L\u2019esprit impur dit: \u00ab Je sais qui tu es: tu es le Saint de Dieu. \u00bb J\u00e9sus l\u2019interpella vivement: \u00ab Tais-toi! Sors de cet homme: \u00bb (Marc 1, 24b-25) \u00a0 &gt; Il est des savoirs qui aident \u00e0 vivre, et il est des savoirs qui enferment. Il est des paroles qui portent et nourrissent, et des paroles qui rabaissent et finissent par tuer. \u00a0 Lorsque nous disons ou pensons \u00ab Je sais qui tu es \u00bb, qu\u2019offrons-nous \u00e0 l\u2019autre? Quelque chose qui ouvre ou quelque chose qui ferme? Quand nous le disons du Christ, notre parole invite-t-elle \u00e0 l\u2019inattendu, au myst\u00e8re, \u00e0 l\u2019\u00e9tonnement, ou bien est-elle certitude scl\u00e9ros\u00e9e, pr\u00e9tentieuse et \u2026 <a class=\"continue-reading-link\" href=\"https:\/\/levangilealecran.com\/?p=1337\"> Continue reading <span class=\"meta-nav\">&rarr; <\/span><\/a><\/p>\n","protected":false},"author":2006,"featured_media":0,"comment_status":"open","ping_status":"open","sticky":false,"template":"","format":"standard","meta":{"footnotes":""},"categories":[4,7],"tags":[513,118],"class_list":["post-1337","post","type-post","status-publish","format-standard","hentry","category-dimanche","category-marc","tag-enfermement","tag-ouverture"],"_links":{"self":[{"href":"https:\/\/levangilealecran.com\/index.php?rest_route=\/wp\/v2\/posts\/1337","targetHints":{"allow":["GET"]}}],"collection":[{"href":"https:\/\/levangilealecran.com\/index.php?rest_route=\/wp\/v2\/posts"}],"about":[{"href":"https:\/\/levangilealecran.com\/index.php?rest_route=\/wp\/v2\/types\/post"}],"author":[{"embeddable":true,"href":"https:\/\/levangilealecran.com\/index.php?rest_route=\/wp\/v2\/users\/2006"}],"replies":[{"embeddable":true,"href":"https:\/\/levangilealecran.com\/index.php?rest_route=%2Fwp%2Fv2%2Fcomments&post=1337"}],"version-history":[{"count":2,"href":"https:\/\/levangilealecran.com\/index.php?rest_route=\/wp\/v2\/posts\/1337\/revisions"}],"predecessor-version":[{"id":1339,"href":"https:\/\/levangilealecran.com\/index.php?rest_route=\/wp\/v2\/posts\/1337\/revisions\/1339"}],"wp:attachment":[{"href":"https:\/\/levangilealecran.com\/index.php?rest_route=%2Fwp%2Fv2%2Fmedia&parent=1337"}],"wp:term":[{"taxonomy":"category","embeddable":true,"href":"https:\/\/levangilealecran.com\/index.php?rest_route=%2Fwp%2Fv2%2Fcategories&post=1337"},{"taxonomy":"post_tag","embeddable":true,"href":"https:\/\/levangilealecran.com\/index.php?rest_route=%2Fwp%2Fv2%2Ftags&post=1337"}],"curies":[{"name":"wp","href":"https:\/\/api.w.org\/{rel}","templated":true}]}}