{"id":1329,"date":"2018-01-12T13:24:17","date_gmt":"2018-01-12T12:24:17","guid":{"rendered":"http:\/\/levangilealecran.com?p=1329"},"modified":"2018-01-12T13:26:47","modified_gmt":"2018-01-12T12:26:47","slug":"2eme-dimanche-du-temps-ordinaire-b","status":"publish","type":"post","link":"https:\/\/levangilealecran.com\/?p=1329","title":{"rendered":"2\u00e8me dimanche du Temps Ordinaire &#8211; B"},"content":{"rendered":"<p>\u00ab Se retournant, J\u00e9sus vit qu\u2019ils le suivaient, et leur dit : \u00ab Que cherchez-vous ? \u00bb Ils lui r\u00e9pondirent : \u00ab Rabbi \u2013 ce qui veut dire : Ma\u00eetre \u2013, o\u00f9 demeures-tu ? \u00bb Il leur dit : \u00ab Venez, et vous verrez. \u00bb \u00bb (Jean 1, 38-39a)<\/p>\n<p><strong>&gt; R\u00e9dig\u00e9e dans un langage symbolique, cette sc\u00e8ne nous conduit de l\u2019identit\u00e9 du Christ au th\u00e8me de la qu\u00eate de sens. Celui qui vient d\u2019\u00eatre d\u00e9crit comme l\u2019Agneau de Dieu par Jean-Baptiste prend l\u2019initiative du dialogue en posant une question (\u00ab Que cherchez-vous ?\u00bb) qui renvoie \u00e0 la qu\u00eate fondamentale de sens et de pl\u00e9nitude de vie. Et vous, chers lecteurs de l\u2019Evangile \u00e0 l\u2019Ecran, que cherchez-vous ?<\/strong><\/p>\n<p><strong>Dans cette sc\u00e8ne, le VOIR et le MOUVEMENT sont intrins\u00e8quement li\u00e9s : Alors qu\u2019il MARCHE, J\u00e9sus VOIT deux disciples le SUIVRE. A leur question \u00ab o\u00f9 demeures-tu ? \u00bb, J\u00e9sus r\u00e9pond : \u00ab VENEZ et vous VERREZ \u00bb.<\/strong><\/p>\n<p><strong>J\u00e9sus, l\u2019instance qui permet de r\u00e9pondre \u00e0 cette qu\u00eate de sens et de pl\u00e9nitude, nous invite donc \u00e0 nous mettre en marche, en mouvement. Si nous d\u00e9sirons \u00ab voir \u00bb, il nous faut cheminer avec lui, ce qui nous conduira finalement \u00e0 demeurer avec lui dans la pl\u00e9nitude, comme l\u2019indique le texte avec \u00ab la dixi\u00e8me heure \u00bb qui dit la qualit\u00e9 de cette exp\u00e9rience, dix \u00e9tant le chiffre de la perfection aussi bien dans l\u2019antiquit\u00e9 juive que pa\u00efenne.<\/strong><\/p>\n<p><strong>Cette semaine, nous, disciples du XXIe si\u00e8cle, toi qui as soif de sens et de pl\u00e9nitude, mettons-nous en marche ! Ou continuons notre marche ! Et cheminons avec Celui qui est l\u2019Agneau de Dieu ! M\u00e9ditons aussi l\u2019appel de Dieu dans notre vie, car nous le savons, la vocation n\u2019est pas limit\u00e9e aux pr\u00eatres et pasteurs, mais le Christ nous appelle TOUS \u00e0 le suivre. Si nous avons d\u00e9j\u00e0 entendu son appel, rappelons-nous de ce moment o\u00f9 nous avons d\u00e9cid\u00e9 de le suivre ; qu\u2019avons-nous fait de cet appel ? Si nous n&rsquo;avons pas encore entendu d\u2019appel, mettons-nous en route et \u00e9coutons, comme Samuel qui dit \u00ab Parle, ton serviteur \u00e9coute \u00bb (1 Samuel 3, 10). Car pour voir la demeure de la pl\u00e9nitude, il faut d\u2019abord se mettre en marche, et se laisser questionner par le Christ. Alors\u2026 en marche ! Yallah !<\/strong><\/p>\n","protected":false},"excerpt":{"rendered":"<p>\u00ab Se retournant, J\u00e9sus vit qu\u2019ils le suivaient, et leur dit : \u00ab Que cherchez-vous ? \u00bb Ils lui r\u00e9pondirent : \u00ab Rabbi \u2013 ce qui veut dire : Ma\u00eetre \u2013, o\u00f9 demeures-tu ? \u00bb Il leur dit : \u00ab Venez, et vous verrez. \u00bb \u00bb (Jean 1, 38-39a) &gt; R\u00e9dig\u00e9e dans un langage symbolique, cette sc\u00e8ne nous conduit de l\u2019identit\u00e9 du Christ au th\u00e8me de la qu\u00eate de sens. Celui qui vient d\u2019\u00eatre d\u00e9crit comme l\u2019Agneau de Dieu par Jean-Baptiste prend l\u2019initiative du dialogue en posant une question (\u00ab Que cherchez-vous ?\u00bb) qui renvoie \u00e0 la qu\u00eate fondamentale de sens et de pl\u00e9nitude de vie. Et vous, chers lecteurs \u2026 <a class=\"continue-reading-link\" href=\"https:\/\/levangilealecran.com\/?p=1329\"> Continue reading <span class=\"meta-nav\">&rarr; <\/span><\/a><\/p>\n","protected":false},"author":2006,"featured_media":0,"comment_status":"open","ping_status":"open","sticky":false,"template":"","format":"standard","meta":{"footnotes":""},"categories":[4,5],"tags":[99,279],"class_list":["post-1329","post","type-post","status-publish","format-standard","hentry","category-dimanche","category-jean","tag-appel","tag-vocation"],"_links":{"self":[{"href":"https:\/\/levangilealecran.com\/index.php?rest_route=\/wp\/v2\/posts\/1329","targetHints":{"allow":["GET"]}}],"collection":[{"href":"https:\/\/levangilealecran.com\/index.php?rest_route=\/wp\/v2\/posts"}],"about":[{"href":"https:\/\/levangilealecran.com\/index.php?rest_route=\/wp\/v2\/types\/post"}],"author":[{"embeddable":true,"href":"https:\/\/levangilealecran.com\/index.php?rest_route=\/wp\/v2\/users\/2006"}],"replies":[{"embeddable":true,"href":"https:\/\/levangilealecran.com\/index.php?rest_route=%2Fwp%2Fv2%2Fcomments&post=1329"}],"version-history":[{"count":3,"href":"https:\/\/levangilealecran.com\/index.php?rest_route=\/wp\/v2\/posts\/1329\/revisions"}],"predecessor-version":[{"id":1332,"href":"https:\/\/levangilealecran.com\/index.php?rest_route=\/wp\/v2\/posts\/1329\/revisions\/1332"}],"wp:attachment":[{"href":"https:\/\/levangilealecran.com\/index.php?rest_route=%2Fwp%2Fv2%2Fmedia&parent=1329"}],"wp:term":[{"taxonomy":"category","embeddable":true,"href":"https:\/\/levangilealecran.com\/index.php?rest_route=%2Fwp%2Fv2%2Fcategories&post=1329"},{"taxonomy":"post_tag","embeddable":true,"href":"https:\/\/levangilealecran.com\/index.php?rest_route=%2Fwp%2Fv2%2Ftags&post=1329"}],"curies":[{"name":"wp","href":"https:\/\/api.w.org\/{rel}","templated":true}]}}