{"id":1309,"date":"2017-12-15T10:10:56","date_gmt":"2017-12-15T09:10:56","guid":{"rendered":"http:\/\/levangilealecran.com?p=1309"},"modified":"2017-12-15T13:06:08","modified_gmt":"2017-12-15T12:06:08","slug":"3e-dimanche-de-lavent-b","status":"publish","type":"post","link":"https:\/\/levangilealecran.com\/?p=1309","title":{"rendered":"3e dimanche de l&rsquo;Avent &#8211; B"},"content":{"rendered":"<p>\u00ab\u00a0Il est venu comme t\u00e9moin,<br \/>\npour rendre t\u00e9moignage \u00e0 la Lumi\u00e8re,<br \/>\nafin que tous croient par lui.<br \/>\nCet homme n\u2019\u00e9tait pas la Lumi\u00e8re,<br \/>\nmais il \u00e9tait l\u00e0 pour rendre t\u00e9moignage \u00e0 la Lumi\u00e8re.\u00a0\u00bb (Jean 1, 7-8)<\/p>\n<p><strong>Quelle belle description de Jean-Baptiste ! Est-ce qu&rsquo;on n&rsquo;aimerait pas \u00eatre les m\u00eames t\u00e9moins ? \u00catre de ceux qui m\u00e8nent \u00e0 la lumi\u00e8re sans se prendre pour la lumi\u00e8re, sans essayer de l&rsquo;occulter. C&rsquo;est tentant parfois&#8230; Et tellement facile ! Comment marcher dans la trace du t\u00e9moignage si pur de Jean-Baptiste qui ne cherche pas sa gloire mais m\u00e8ne au Christ ?<\/strong><\/p>\n<p><strong>Cette semaine essayons de penser \u00e0 toutes ces fois o\u00f9 nous avons la tentation de nous prendre pour \u00ab\u00a0la lumi\u00e8re\u00a0\u00bb, toutes ces fois o\u00f9 nous ne rendons pas \u00e0 Dieu ce qui lui appartient. Demandons-nous alors comment mettre dans ces moments l\u00e0 notre orgueil de c\u00f4t\u00e9 pour vraiment t\u00e9moigner de la lumi\u00e8re \u00e0 ceux qui en ont le plus besoin.<\/strong><\/p>\n","protected":false},"excerpt":{"rendered":"<p>\u00ab\u00a0Il est venu comme t\u00e9moin, pour rendre t\u00e9moignage \u00e0 la Lumi\u00e8re, afin que tous croient par lui. Cet homme n\u2019\u00e9tait pas la Lumi\u00e8re, mais il \u00e9tait l\u00e0 pour rendre t\u00e9moignage \u00e0 la Lumi\u00e8re.\u00a0\u00bb (Jean 1, 7-8) Quelle belle description de Jean-Baptiste ! Est-ce qu&rsquo;on n&rsquo;aimerait pas \u00eatre les m\u00eames t\u00e9moins ? \u00catre de ceux qui m\u00e8nent \u00e0 la lumi\u00e8re sans se prendre pour la lumi\u00e8re, sans essayer de l&rsquo;occulter. C&rsquo;est tentant parfois&#8230; Et tellement facile ! Comment marcher dans la trace du t\u00e9moignage si pur de Jean-Baptiste qui ne cherche pas sa gloire mais m\u00e8ne au Christ ? Cette semaine essayons de penser \u00e0 toutes ces fois o\u00f9 nous avons \u2026 <a class=\"continue-reading-link\" href=\"https:\/\/levangilealecran.com\/?p=1309\"> Continue reading <span class=\"meta-nav\">&rarr; <\/span><\/a><\/p>\n","protected":false},"author":1,"featured_media":0,"comment_status":"open","ping_status":"open","sticky":false,"template":"","format":"standard","meta":{"footnotes":""},"categories":[147,4,7],"tags":[18,124,169,237,432,238],"class_list":["post-1309","post","type-post","status-publish","format-standard","hentry","category-avent-2","category-dimanche","category-marc","tag-avent","tag-humilite","tag-jean-baptiste","tag-lumiere","tag-marc","tag-temoignage"],"_links":{"self":[{"href":"https:\/\/levangilealecran.com\/index.php?rest_route=\/wp\/v2\/posts\/1309","targetHints":{"allow":["GET"]}}],"collection":[{"href":"https:\/\/levangilealecran.com\/index.php?rest_route=\/wp\/v2\/posts"}],"about":[{"href":"https:\/\/levangilealecran.com\/index.php?rest_route=\/wp\/v2\/types\/post"}],"author":[{"embeddable":true,"href":"https:\/\/levangilealecran.com\/index.php?rest_route=\/wp\/v2\/users\/1"}],"replies":[{"embeddable":true,"href":"https:\/\/levangilealecran.com\/index.php?rest_route=%2Fwp%2Fv2%2Fcomments&post=1309"}],"version-history":[{"count":2,"href":"https:\/\/levangilealecran.com\/index.php?rest_route=\/wp\/v2\/posts\/1309\/revisions"}],"predecessor-version":[{"id":1313,"href":"https:\/\/levangilealecran.com\/index.php?rest_route=\/wp\/v2\/posts\/1309\/revisions\/1313"}],"wp:attachment":[{"href":"https:\/\/levangilealecran.com\/index.php?rest_route=%2Fwp%2Fv2%2Fmedia&parent=1309"}],"wp:term":[{"taxonomy":"category","embeddable":true,"href":"https:\/\/levangilealecran.com\/index.php?rest_route=%2Fwp%2Fv2%2Fcategories&post=1309"},{"taxonomy":"post_tag","embeddable":true,"href":"https:\/\/levangilealecran.com\/index.php?rest_route=%2Fwp%2Fv2%2Ftags&post=1309"}],"curies":[{"name":"wp","href":"https:\/\/api.w.org\/{rel}","templated":true}]}}