{"id":1305,"date":"2017-12-08T14:18:54","date_gmt":"2017-12-08T13:18:54","guid":{"rendered":"http:\/\/levangilealecran.com?p=1305"},"modified":"2017-12-08T14:19:20","modified_gmt":"2017-12-08T13:19:20","slug":"2e-dimanche-de-lavent-b","status":"publish","type":"post","link":"https:\/\/levangilealecran.com\/?p=1305","title":{"rendered":"2e dimanche de l&rsquo;Avent &#8211; B"},"content":{"rendered":"<p>\u00ab\u00a0Une voix crie dans le d\u00e9sert: Pr\u00e9parez le chemin du Seigneur, Rendez droits ses sentiers.\u00a0\u00bb (Mc 1, 3)<\/p>\n<p><strong>&gt; Ce qui nous a marqu\u00e9 dans le d\u00e9but de l\u2019Evangile de Marc, c\u2019est cette pr\u00e9sence marqu\u00e9e du d\u00e9sert. Pourquoi est-ce que la voix crie dans le d\u00e9sert ? Pourquoi est-ce l\u00e0 que Jean le Baptiste propose le bapt\u00eame de conversion ? On pourrait se dire qu\u2019il aurait plus de succ\u00e8s au milieu de J\u00e9rusalem, et pourtant c\u2019est au d\u00e9sert qu\u2019il y attire les foules.<\/strong><\/p>\n<p><strong>Le d\u00e9sert, c\u2019est un grand espace qui permet l\u2019accueil de tous. Le d\u00e9sert, c\u2019est le silence qui permet l\u2019\u00e9coute. Le d\u00e9sert, c\u2019est un vide qui appelle \u00e0 \u00eatre rempli. Le d\u00e9sert, c\u2019est l\u2019\u00e9cart et il implique qu\u2019on se d\u00e9place pour y aller. Le d\u00e9sert, c\u2019est un environnement inhospitalier, qui montre l\u2019importance de la vie.<\/strong><\/p>\n<p><strong>Nous sommes\u00a0invit\u00e9s cette semaine \u00e0 trouver notre d\u00e9sert et \u00e0 nous y rendre. Que nous permet-il, ce d\u00e9sert ? Qu\u2019y entendons-nous ? Comment y vivons-nous la rencontre ?<\/strong><\/p>\n","protected":false},"excerpt":{"rendered":"<p>\u00ab\u00a0Une voix crie dans le d\u00e9sert: Pr\u00e9parez le chemin du Seigneur, Rendez droits ses sentiers.\u00a0\u00bb (Mc 1, 3) &gt; Ce qui nous a marqu\u00e9 dans le d\u00e9but de l\u2019Evangile de Marc, c\u2019est cette pr\u00e9sence marqu\u00e9e du d\u00e9sert. Pourquoi est-ce que la voix crie dans le d\u00e9sert ? Pourquoi est-ce l\u00e0 que Jean le Baptiste propose le bapt\u00eame de conversion ? On pourrait se dire qu\u2019il aurait plus de succ\u00e8s au milieu de J\u00e9rusalem, et pourtant c\u2019est au d\u00e9sert qu\u2019il y attire les foules. Le d\u00e9sert, c\u2019est un grand espace qui permet l\u2019accueil de tous. Le d\u00e9sert, c\u2019est le silence qui permet l\u2019\u00e9coute. Le d\u00e9sert, c\u2019est un vide qui appelle \u00e0 \u2026 <a class=\"continue-reading-link\" href=\"https:\/\/levangilealecran.com\/?p=1305\"> Continue reading <span class=\"meta-nav\">&rarr; <\/span><\/a><\/p>\n","protected":false},"author":1,"featured_media":0,"comment_status":"open","ping_status":"open","sticky":false,"template":"","format":"standard","meta":{"footnotes":""},"categories":[147,7],"tags":[18,289,169,432],"class_list":["post-1305","post","type-post","status-publish","format-standard","hentry","category-avent-2","category-marc","tag-avent","tag-desert","tag-jean-baptiste","tag-marc"],"_links":{"self":[{"href":"https:\/\/levangilealecran.com\/index.php?rest_route=\/wp\/v2\/posts\/1305","targetHints":{"allow":["GET"]}}],"collection":[{"href":"https:\/\/levangilealecran.com\/index.php?rest_route=\/wp\/v2\/posts"}],"about":[{"href":"https:\/\/levangilealecran.com\/index.php?rest_route=\/wp\/v2\/types\/post"}],"author":[{"embeddable":true,"href":"https:\/\/levangilealecran.com\/index.php?rest_route=\/wp\/v2\/users\/1"}],"replies":[{"embeddable":true,"href":"https:\/\/levangilealecran.com\/index.php?rest_route=%2Fwp%2Fv2%2Fcomments&post=1305"}],"version-history":[{"count":2,"href":"https:\/\/levangilealecran.com\/index.php?rest_route=\/wp\/v2\/posts\/1305\/revisions"}],"predecessor-version":[{"id":1307,"href":"https:\/\/levangilealecran.com\/index.php?rest_route=\/wp\/v2\/posts\/1305\/revisions\/1307"}],"wp:attachment":[{"href":"https:\/\/levangilealecran.com\/index.php?rest_route=%2Fwp%2Fv2%2Fmedia&parent=1305"}],"wp:term":[{"taxonomy":"category","embeddable":true,"href":"https:\/\/levangilealecran.com\/index.php?rest_route=%2Fwp%2Fv2%2Fcategories&post=1305"},{"taxonomy":"post_tag","embeddable":true,"href":"https:\/\/levangilealecran.com\/index.php?rest_route=%2Fwp%2Fv2%2Ftags&post=1305"}],"curies":[{"name":"wp","href":"https:\/\/api.w.org\/{rel}","templated":true}]}}