{"id":1303,"date":"2017-12-01T14:51:43","date_gmt":"2017-12-01T13:51:43","guid":{"rendered":"http:\/\/levangilealecran.com?p=1303"},"modified":"2017-12-01T14:51:43","modified_gmt":"2017-12-01T13:51:43","slug":"1er-dimanche-de-lavent-b","status":"publish","type":"post","link":"https:\/\/levangilealecran.com\/?p=1303","title":{"rendered":"1er dimanche de l&rsquo;Avent &#8211; B"},"content":{"rendered":"<p>\u00ab S\u2019il [le ma\u00eetre de la maison] arrive \u00e0 l\u2019improviste, il ne faudrait pas qu\u2019il vous trouve endormis. Ce que je vous dis l\u00e0, je le dis \u00e0 tous : Veillez ! \u00bb &#8211; Mc 13, 36-37<\/p>\n<p><strong>&gt; Ex\u00e9g\u00e9tiquement et traditionnellement, ce passage \u00e9voque la parousie du Christ, c\u2019est-\u00e0-dire sa venue \u00e0 la fin des temps. Difficilement repr\u00e9sentable pour l\u2019esprit humain, cet \u00e9v\u00e9nement est plut\u00f4t consid\u00e9r\u00e9 comme utopique et lointain. Existentiellement et spirituellement, cependant, et particuli\u00e8rement en ce\u00a0premier dimanche de l\u2019Avent, cette mise en garde de J\u00e9sus \u2013 car c\u2019est bien lui qui parle \u2013 \u00e9voque plut\u00f4t une promesse. Celle de sa venue dans chacune de nos vies. Oui, dans la mienne aussi !<\/strong><\/p>\n<p><strong>Combien d\u2019histoire de rencontres J\u00e9sus a-t-il initi\u00e9es \u00ab \u00e0 l\u2019improviste \u00bb ?! L\u2019un a pouss\u00e9 la porte d\u2019une \u00e9glise pour s\u2019y abriter lors d\u2019un gros orage et y a fait l\u2019exp\u00e9rience de Dieu ; l\u2019autre a entam\u00e9 une conversation dans le train avec un chr\u00e9tien heureux de partager ses convictions qui ont suscit\u00e9 sa curiosit\u00e9 ; un autre encore a \u00e9t\u00e9 touch\u00e9 par la gr\u00e2ce durant une balade en montagne ou au bord d\u2019un lac au soleil couchant\u2026 Chaque histoire de rencontre avec le Christ est singuli\u00e8re et souvent inattendue. Mais chacune a pu se produire parce que le \u00ab rencontr\u00e9 \u00bb ne somnolait pas et \u00e9tait ouvert \u00e0 la r\u00e9v\u00e9lation !<\/strong><\/p>\n<p><strong>Nous aussi, Chacune, Chacun, durant ce temps de l\u2019Avent, pr\u00e9parons-nous \u00e0 la Rencontre avec un grand \u00ab R \u00bb ! Essayons de rep\u00e9rer cette Pr\u00e9sence particuli\u00e8re dans notre vie \u00e0 travers les choses \u00e0 premi\u00e8re vue minimes du quotidien, comme l\u2019abri lors d\u2019un orage, une conversation banale ou les beaut\u00e9s de la nature\u2026 Qui sait ?! En Avent, le c\u0153ur et les yeux ouverts !<\/strong><\/p>\n","protected":false},"excerpt":{"rendered":"<p>\u00ab S\u2019il [le ma\u00eetre de la maison] arrive \u00e0 l\u2019improviste, il ne faudrait pas qu\u2019il vous trouve endormis. Ce que je vous dis l\u00e0, je le dis \u00e0 tous : Veillez ! \u00bb &#8211; Mc 13, 36-37 &gt; Ex\u00e9g\u00e9tiquement et traditionnellement, ce passage \u00e9voque la parousie du Christ, c\u2019est-\u00e0-dire sa venue \u00e0 la fin des temps. Difficilement repr\u00e9sentable pour l\u2019esprit humain, cet \u00e9v\u00e9nement est plut\u00f4t consid\u00e9r\u00e9 comme utopique et lointain. Existentiellement et spirituellement, cependant, et particuli\u00e8rement en ce\u00a0premier dimanche de l\u2019Avent, cette mise en garde de J\u00e9sus \u2013 car c\u2019est bien lui qui parle \u2013 \u00e9voque plut\u00f4t une promesse. Celle de sa venue dans chacune de nos vies. Oui, dans \u2026 <a class=\"continue-reading-link\" href=\"https:\/\/levangilealecran.com\/?p=1303\"> Continue reading <span class=\"meta-nav\">&rarr; <\/span><\/a><\/p>\n","protected":false},"author":1,"featured_media":0,"comment_status":"open","ping_status":"open","sticky":false,"template":"","format":"standard","meta":{"footnotes":""},"categories":[147],"tags":[18,626,344,41,625],"class_list":["post-1303","post","type-post","status-publish","format-standard","hentry","category-avent-2","tag-avent","tag-preparer","tag-quotidien","tag-rencontre","tag-veille"],"_links":{"self":[{"href":"https:\/\/levangilealecran.com\/index.php?rest_route=\/wp\/v2\/posts\/1303","targetHints":{"allow":["GET"]}}],"collection":[{"href":"https:\/\/levangilealecran.com\/index.php?rest_route=\/wp\/v2\/posts"}],"about":[{"href":"https:\/\/levangilealecran.com\/index.php?rest_route=\/wp\/v2\/types\/post"}],"author":[{"embeddable":true,"href":"https:\/\/levangilealecran.com\/index.php?rest_route=\/wp\/v2\/users\/1"}],"replies":[{"embeddable":true,"href":"https:\/\/levangilealecran.com\/index.php?rest_route=%2Fwp%2Fv2%2Fcomments&post=1303"}],"version-history":[{"count":1,"href":"https:\/\/levangilealecran.com\/index.php?rest_route=\/wp\/v2\/posts\/1303\/revisions"}],"predecessor-version":[{"id":1304,"href":"https:\/\/levangilealecran.com\/index.php?rest_route=\/wp\/v2\/posts\/1303\/revisions\/1304"}],"wp:attachment":[{"href":"https:\/\/levangilealecran.com\/index.php?rest_route=%2Fwp%2Fv2%2Fmedia&parent=1303"}],"wp:term":[{"taxonomy":"category","embeddable":true,"href":"https:\/\/levangilealecran.com\/index.php?rest_route=%2Fwp%2Fv2%2Fcategories&post=1303"},{"taxonomy":"post_tag","embeddable":true,"href":"https:\/\/levangilealecran.com\/index.php?rest_route=%2Fwp%2Fv2%2Ftags&post=1303"}],"curies":[{"name":"wp","href":"https:\/\/api.w.org\/{rel}","templated":true}]}}