{"id":1264,"date":"2017-08-27T08:04:45","date_gmt":"2017-08-27T06:04:45","guid":{"rendered":"http:\/\/levangilealecran.com?p=1264"},"modified":"2017-08-27T08:04:49","modified_gmt":"2017-08-27T06:04:49","slug":"21e-dimanche-a-2","status":"publish","type":"post","link":"https:\/\/levangilealecran.com\/?p=1264","title":{"rendered":"21e dimanche &#8211; A"},"content":{"rendered":"<p>\u00ab J\u00e9sus leur demanda : \u2018Pour vous, qui suis-je ?\u2019\u00bb. (Mt 16,15).<\/p>\n<p><strong>&gt; Cette question est pos\u00e9e par J\u00e9sus dans le c\u00e9l\u00e8bre \u00e9pisode que nous entendons dans nos c\u00e9l\u00e9brations ce week-end.<\/strong><\/p>\n<p><strong>Mais la Bible n\u2019a de sens que si elle vient nous parler de l\u2019aujourd\u2019hui de nos vies, ce qu\u2019elle fait \u00e0 chaque fois qu\u2019on veut bien lui en laisser l\u2019opportunit\u00e9.<\/strong><\/p>\n<p><strong>C\u2019est donc \u00e0 nous, \u00e0 chacune et chacun de nous, que J\u00e9sus pose cette question : \u00ab Pour vous, qui suis-je ? \u00bb Nous sommes tent\u00e9s de r\u00e9pondre comme Pierre, avec enthousiasme : \u00ab Tu es le Christ ! \u00bb, mais prenons le temps d\u2019affiner notre r\u00e9ponse. Qui est r\u00e9ellement J\u00e9sus dans chacune de nos vies ? Dieu ? Un meilleur ami ? Un Sauveur ? Ou plus original, avec les mots qu\u2019il utilise pour se d\u00e9finir lui-m\u00eame dans l\u2019\u00e9vangile de Jean : une porte, une lumi\u00e8re, un berger, un pain, un cep, le chemin, la v\u00e9rit\u00e9 ou la vie ? Qui est J\u00e9sus pour moi, pour toi, pour nous, pour vous ? Que cette question \u2013 et sa r\u00e9ponse \u2013 habite nos c\u0153urs en cette semaine.<\/strong><\/p>\n","protected":false},"excerpt":{"rendered":"<p>\u00ab J\u00e9sus leur demanda : \u2018Pour vous, qui suis-je ?\u2019\u00bb. (Mt 16,15). &gt; Cette question est pos\u00e9e par J\u00e9sus dans le c\u00e9l\u00e8bre \u00e9pisode que nous entendons dans nos c\u00e9l\u00e9brations ce week-end. Mais la Bible n\u2019a de sens que si elle vient nous parler de l\u2019aujourd\u2019hui de nos vies, ce qu\u2019elle fait \u00e0 chaque fois qu\u2019on veut bien lui en laisser l\u2019opportunit\u00e9. C\u2019est donc \u00e0 nous, \u00e0 chacune et chacun de nous, que J\u00e9sus pose cette question : \u00ab Pour vous, qui suis-je ? \u00bb Nous sommes tent\u00e9s de r\u00e9pondre comme Pierre, avec enthousiasme : \u00ab Tu es le Christ ! \u00bb, mais prenons le temps d\u2019affiner notre r\u00e9ponse. Qui est \u2026 <a class=\"continue-reading-link\" href=\"https:\/\/levangilealecran.com\/?p=1264\"> Continue reading <span class=\"meta-nav\">&rarr; <\/span><\/a><\/p>\n","protected":false},"author":1,"featured_media":0,"comment_status":"open","ping_status":"open","sticky":false,"template":"","format":"standard","meta":{"footnotes":""},"categories":[4,8],"tags":[53,98,433,440],"class_list":["post-1264","post","type-post","status-publish","format-standard","hentry","category-dimanche","category-matthieu","tag-christ","tag-identite","tag-matthieu","tag-qui-suis-je"],"_links":{"self":[{"href":"https:\/\/levangilealecran.com\/index.php?rest_route=\/wp\/v2\/posts\/1264","targetHints":{"allow":["GET"]}}],"collection":[{"href":"https:\/\/levangilealecran.com\/index.php?rest_route=\/wp\/v2\/posts"}],"about":[{"href":"https:\/\/levangilealecran.com\/index.php?rest_route=\/wp\/v2\/types\/post"}],"author":[{"embeddable":true,"href":"https:\/\/levangilealecran.com\/index.php?rest_route=\/wp\/v2\/users\/1"}],"replies":[{"embeddable":true,"href":"https:\/\/levangilealecran.com\/index.php?rest_route=%2Fwp%2Fv2%2Fcomments&post=1264"}],"version-history":[{"count":1,"href":"https:\/\/levangilealecran.com\/index.php?rest_route=\/wp\/v2\/posts\/1264\/revisions"}],"predecessor-version":[{"id":1265,"href":"https:\/\/levangilealecran.com\/index.php?rest_route=\/wp\/v2\/posts\/1264\/revisions\/1265"}],"wp:attachment":[{"href":"https:\/\/levangilealecran.com\/index.php?rest_route=%2Fwp%2Fv2%2Fmedia&parent=1264"}],"wp:term":[{"taxonomy":"category","embeddable":true,"href":"https:\/\/levangilealecran.com\/index.php?rest_route=%2Fwp%2Fv2%2Fcategories&post=1264"},{"taxonomy":"post_tag","embeddable":true,"href":"https:\/\/levangilealecran.com\/index.php?rest_route=%2Fwp%2Fv2%2Ftags&post=1264"}],"curies":[{"name":"wp","href":"https:\/\/api.w.org\/{rel}","templated":true}]}}