{"id":1256,"date":"2017-08-05T11:01:43","date_gmt":"2017-08-05T09:01:43","guid":{"rendered":"http:\/\/levangilealecran.com?p=1256"},"modified":"2017-08-05T11:01:43","modified_gmt":"2017-08-05T09:01:43","slug":"transfiguration-a","status":"publish","type":"post","link":"https:\/\/levangilealecran.com\/?p=1256","title":{"rendered":"Transfiguration &#8211; A"},"content":{"rendered":"<p>En entendant cela, les disciples tomb\u00e8rent la face contre terre, saisis d&rsquo;une grande crainte. J\u00e9sus s&rsquo;approcha, il les toucha et dit: \u00a0\u00bb Relevez-vous! Soyez sans crainte! \u00a0\u00bb (Mt 17, 6-7)<\/p>\n<p><strong>&gt; Ce dimanche, nous f\u00eatons la Transfiguration du Seigneur. J\u00e9sus appara\u00eet transfigur\u00e9 et glorifi\u00e9 \u00e0 3 disciples et ceux-ci entendent une voie d\u00e9clarant que J\u00e9sus est son Fils bien-aim\u00e9. Face \u00e0 tout cela les disciples tombent face contre terre. Et c\u2019est J\u00e9sus lui-m\u00eame qui vient les relever et les rassurer, celui m\u00eame qui est Fils de Dieu. Ce statut, loin d\u2019\u00e9loigner J\u00e9sus de nous, nous le rapproche. Il s\u2019est continuellement abaiss\u00e9 pour rejoindre ceux qui \u00e9taient \u00e0 terre, pour les relever dans l\u2019amour et la dignit\u00e9. Et c\u2019est ce qu\u2019il fera jusqu\u2019au bout de sa vie, jusqu\u2019\u00e0 sa mort sur la croix.<\/strong><\/p>\n<p><strong>&gt; Nous sommes invit\u00e9s cette semaine, \u00e0 ne pas nous comparer aux autres, mais \u00e0 rejoindre ceux qui sont \u00e0 terre pour les relever, tout en nous laissant toi-m\u00eame relever et rassurer par les autres et par Dieu.<\/strong><\/p>\n","protected":false},"excerpt":{"rendered":"<p>En entendant cela, les disciples tomb\u00e8rent la face contre terre, saisis d&rsquo;une grande crainte. J\u00e9sus s&rsquo;approcha, il les toucha et dit: \u00a0\u00bb Relevez-vous! Soyez sans crainte! \u00a0\u00bb (Mt 17, 6-7) &gt; Ce dimanche, nous f\u00eatons la Transfiguration du Seigneur. J\u00e9sus appara\u00eet transfigur\u00e9 et glorifi\u00e9 \u00e0 3 disciples et ceux-ci entendent une voie d\u00e9clarant que J\u00e9sus est son Fils bien-aim\u00e9. Face \u00e0 tout cela les disciples tombent face contre terre. Et c\u2019est J\u00e9sus lui-m\u00eame qui vient les relever et les rassurer, celui m\u00eame qui est Fils de Dieu. Ce statut, loin d\u2019\u00e9loigner J\u00e9sus de nous, nous le rapproche. Il s\u2019est continuellement abaiss\u00e9 pour rejoindre ceux qui \u00e9taient \u00e0 terre, pour les \u2026 <a class=\"continue-reading-link\" href=\"https:\/\/levangilealecran.com\/?p=1256\"> Continue reading <span class=\"meta-nav\">&rarr; <\/span><\/a><\/p>\n","protected":false},"author":1,"featured_media":0,"comment_status":"open","ping_status":"open","sticky":false,"template":"","format":"standard","meta":{"footnotes":""},"categories":[4,24,8],"tags":[209,598,49],"class_list":["post-1256","post","type-post","status-publish","format-standard","hentry","category-dimanche","category-fetes","category-matthieu","tag-regard","tag-relevement","tag-transfiguration"],"_links":{"self":[{"href":"https:\/\/levangilealecran.com\/index.php?rest_route=\/wp\/v2\/posts\/1256","targetHints":{"allow":["GET"]}}],"collection":[{"href":"https:\/\/levangilealecran.com\/index.php?rest_route=\/wp\/v2\/posts"}],"about":[{"href":"https:\/\/levangilealecran.com\/index.php?rest_route=\/wp\/v2\/types\/post"}],"author":[{"embeddable":true,"href":"https:\/\/levangilealecran.com\/index.php?rest_route=\/wp\/v2\/users\/1"}],"replies":[{"embeddable":true,"href":"https:\/\/levangilealecran.com\/index.php?rest_route=%2Fwp%2Fv2%2Fcomments&post=1256"}],"version-history":[{"count":1,"href":"https:\/\/levangilealecran.com\/index.php?rest_route=\/wp\/v2\/posts\/1256\/revisions"}],"predecessor-version":[{"id":1257,"href":"https:\/\/levangilealecran.com\/index.php?rest_route=\/wp\/v2\/posts\/1256\/revisions\/1257"}],"wp:attachment":[{"href":"https:\/\/levangilealecran.com\/index.php?rest_route=%2Fwp%2Fv2%2Fmedia&parent=1256"}],"wp:term":[{"taxonomy":"category","embeddable":true,"href":"https:\/\/levangilealecran.com\/index.php?rest_route=%2Fwp%2Fv2%2Fcategories&post=1256"},{"taxonomy":"post_tag","embeddable":true,"href":"https:\/\/levangilealecran.com\/index.php?rest_route=%2Fwp%2Fv2%2Ftags&post=1256"}],"curies":[{"name":"wp","href":"https:\/\/api.w.org\/{rel}","templated":true}]}}