{"id":1251,"date":"2017-07-21T17:34:45","date_gmt":"2017-07-21T15:34:45","guid":{"rendered":"http:\/\/levangilealecran.com?p=1251"},"modified":"2017-07-21T17:34:45","modified_gmt":"2017-07-21T15:34:45","slug":"16e-dimanche-a-2","status":"publish","type":"post","link":"https:\/\/levangilealecran.com\/?p=1251","title":{"rendered":"16e dimanche &#8211; A"},"content":{"rendered":"<p><strong>\u00ab Les serviteurs du ma\u00eetre vinrent lui dire : \u2018Seigneur, n\u2019est-ce pas du bon grain que tu as sem\u00e9 dans ton champ ? D\u2019o\u00f9 vient donc qu\u2019il y a de l\u2019ivraie ?\u2019Il leur dit : \u2018C\u2019est un ennemi qui a fait cela.\u2019 Les serviteurs lui disent : \u2018Veux-tu donc que nous allions l\u2019enlever ?\u2019 Il r\u00e9pond : \u2018Non, en enlevant l\u2019ivraie, vous risquez d\u2019arracher le bl\u00e9 en m\u00eame temps. \u00bb (Matthieu 13, 27-29)<\/strong><\/p>\n<p>&gt; La constatation \u00e9tonn\u00e9e des serviteurs sur la pr\u00e9sence de l\u2019ivraie dans le champ au milieu de bon grain, rejoint la notre sur la pr\u00e9sence du mal sur terre. \u00ab Seigneur, d\u2019o\u00f9 vient la division, la zizanie, le malheur, alors que tu as sem\u00e9 les graines de Ton Royaume ? \u00bb, pourrions-nous aussi dire. Bien s\u00fbr, nous voudrions l\u2019\u00f4ter de notre monde, cette ivraie, l\u2019en arracher, comme on arracherait des mauvaises herbes. C\u2019est d\u2019ailleurs le d\u00e9sir des serviteurs. Mais le ma\u00eetre, vigoureusement, r\u00e9pond par la n\u00e9gative, car ce qui compte, c\u2019est le bon grain, et arracher l\u2019ivraie, cette herbe qui peut passer pour du bl\u00e9 mais qui est en r\u00e9alit\u00e9 du poison, mettrait en danger le bon grain.<\/p>\n<p>Notre d\u00e9sir n\u2019est-il pas \u00e9galement d\u2019arracher le mal \u00e0 notre monde, et en nous aussi peut-\u00eatre ? Mais devant le mal, Dieu nous invite \u00e0 Lui faire confiance. Le jugement viendra, il Lui appartient, ainsi qu\u2019\u00e0 ses anges moissonneurs. Nous n&rsquo;avons pas \u00e0 \u00eatre les moissonneurs des temps derniers. Non. Ce que Dieu nous demande, c\u2019est d\u2019une part de reconna\u00eetre le mal, d\u2019admettre sa pr\u00e9sence, sans pour autant l\u2019accepter, et d\u2019autre part de faire confiance au ma\u00eetre de maison, tout en cherchant \u00e0 faire cro\u00eetre le bon grain.<\/p>\n<p>Cette semaine, nous sommes donc invit\u00e9s \u00e0 m\u00e9diter et prier sur un aspect de notre vie, de notre personne, du monde, que nous consid\u00e9rons comme \u00ab ivraie \u00bb, et de chercher d\u2019abord \u00e0 admettre qu\u2019il est l\u00e0, pr\u00e9sent. Puis de placer notre confiance en Dieu par rapport \u00e0 cet aspect, tout en cherchant \u00e0 faire cro\u00eetre le bon grain en nous !<\/p>\n","protected":false},"excerpt":{"rendered":"<p>\u00ab Les serviteurs du ma\u00eetre vinrent lui dire : \u2018Seigneur, n\u2019est-ce pas du bon grain que tu as sem\u00e9 dans ton champ ? D\u2019o\u00f9 vient donc qu\u2019il y a de l\u2019ivraie ?\u2019Il leur dit : \u2018C\u2019est un ennemi qui a fait cela.\u2019 Les serviteurs lui disent : \u2018Veux-tu donc que nous allions l\u2019enlever ?\u2019 Il r\u00e9pond : \u2018Non, en enlevant l\u2019ivraie, vous risquez d\u2019arracher le bl\u00e9 en m\u00eame temps. \u00bb (Matthieu 13, 27-29) &gt; La constatation \u00e9tonn\u00e9e des serviteurs sur la pr\u00e9sence de l\u2019ivraie dans le champ au milieu de bon grain, rejoint la notre sur la pr\u00e9sence du mal sur terre. \u00ab Seigneur, d\u2019o\u00f9 vient la division, la zizanie, \u2026 <a class=\"continue-reading-link\" href=\"https:\/\/levangilealecran.com\/?p=1251\"> Continue reading <span class=\"meta-nav\">&rarr; <\/span><\/a><\/p>\n","protected":false},"author":1,"featured_media":0,"comment_status":"open","ping_status":"open","sticky":false,"template":"","format":"standard","meta":{"footnotes":""},"categories":[4,8],"tags":[26,592,504,593],"class_list":["post-1251","post","type-post","status-publish","format-standard","hentry","category-dimanche","category-matthieu","tag-confiance","tag-ivraie","tag-jugement","tag-semeur"],"_links":{"self":[{"href":"https:\/\/levangilealecran.com\/index.php?rest_route=\/wp\/v2\/posts\/1251","targetHints":{"allow":["GET"]}}],"collection":[{"href":"https:\/\/levangilealecran.com\/index.php?rest_route=\/wp\/v2\/posts"}],"about":[{"href":"https:\/\/levangilealecran.com\/index.php?rest_route=\/wp\/v2\/types\/post"}],"author":[{"embeddable":true,"href":"https:\/\/levangilealecran.com\/index.php?rest_route=\/wp\/v2\/users\/1"}],"replies":[{"embeddable":true,"href":"https:\/\/levangilealecran.com\/index.php?rest_route=%2Fwp%2Fv2%2Fcomments&post=1251"}],"version-history":[{"count":1,"href":"https:\/\/levangilealecran.com\/index.php?rest_route=\/wp\/v2\/posts\/1251\/revisions"}],"predecessor-version":[{"id":1252,"href":"https:\/\/levangilealecran.com\/index.php?rest_route=\/wp\/v2\/posts\/1251\/revisions\/1252"}],"wp:attachment":[{"href":"https:\/\/levangilealecran.com\/index.php?rest_route=%2Fwp%2Fv2%2Fmedia&parent=1251"}],"wp:term":[{"taxonomy":"category","embeddable":true,"href":"https:\/\/levangilealecran.com\/index.php?rest_route=%2Fwp%2Fv2%2Fcategories&post=1251"},{"taxonomy":"post_tag","embeddable":true,"href":"https:\/\/levangilealecran.com\/index.php?rest_route=%2Fwp%2Fv2%2Ftags&post=1251"}],"curies":[{"name":"wp","href":"https:\/\/api.w.org\/{rel}","templated":true}]}}