{"id":1247,"date":"2017-07-14T09:58:29","date_gmt":"2017-07-14T07:58:29","guid":{"rendered":"http:\/\/levangilealecran.com?p=1247"},"modified":"2017-07-14T09:58:54","modified_gmt":"2017-07-14T07:58:54","slug":"15e-dimanche-a-2","status":"publish","type":"post","link":"https:\/\/levangilealecran.com\/?p=1247","title":{"rendered":"15e dimanche &#8211; A"},"content":{"rendered":"<p>\u00ab\u00a0Ce jour-l\u00e0, J\u00e9sus \u00e9tait sorti de la maison, et il \u00e9tait assis au bord de la mer.<br \/>\nAupr\u00e8s de lui se rassembl\u00e8rent des foules si grandes qu\u2019il monta dans une barque o\u00f9 il s\u2019assit ;<br \/>\ntoute la foule se tenait sur le rivage.\u00a0\u00bb (Mt 13,1-2)<\/p>\n<p><strong>&gt; J\u00e9sus comprend qu&rsquo;il ne va pas \u00eatre entendu par tous s&rsquo;il reste sur le rivage. Il prend de la distance.<\/strong><\/p>\n<p><strong>Parfois, pour mieux se faire comprendre, pour mieux faire passer un message, pour se donner la possibilit\u00e9 d&rsquo;\u00eatre entendu de tous, il faut prendre une certaine distance par rapport aux gens.<\/strong><\/p>\n<p><strong>Que ce temps de vacances soit aussi pour chacun de nous une saine prise de distance. Monter dans la barque de l&rsquo;\u00e9t\u00e9 nous permettra sans doute de voir les choses d&rsquo;un peu plus loin et, qui sait, de mieux faire entendre notre message.<\/strong><\/p>\n","protected":false},"excerpt":{"rendered":"<p>\u00ab\u00a0Ce jour-l\u00e0, J\u00e9sus \u00e9tait sorti de la maison, et il \u00e9tait assis au bord de la mer. Aupr\u00e8s de lui se rassembl\u00e8rent des foules si grandes qu\u2019il monta dans une barque o\u00f9 il s\u2019assit ; toute la foule se tenait sur le rivage.\u00a0\u00bb (Mt 13,1-2) &gt; J\u00e9sus comprend qu&rsquo;il ne va pas \u00eatre entendu par tous s&rsquo;il reste sur le rivage. Il prend de la distance. Parfois, pour mieux se faire comprendre, pour mieux faire passer un message, pour se donner la possibilit\u00e9 d&rsquo;\u00eatre entendu de tous, il faut prendre une certaine distance par rapport aux gens. Que ce temps de vacances soit aussi pour chacun de nous une saine \u2026 <a class=\"continue-reading-link\" href=\"https:\/\/levangilealecran.com\/?p=1247\"> Continue reading <span class=\"meta-nav\">&rarr; <\/span><\/a><\/p>\n","protected":false},"author":1,"featured_media":0,"comment_status":"open","ping_status":"open","sticky":false,"template":"","format":"standard","meta":{"footnotes":""},"categories":[4,8],"tags":[590,591,589,433,102],"class_list":["post-1247","post","type-post","status-publish","format-standard","hentry","category-dimanche","category-matthieu","tag-communication","tag-comprehension","tag-distance","tag-matthieu","tag-vacances"],"_links":{"self":[{"href":"https:\/\/levangilealecran.com\/index.php?rest_route=\/wp\/v2\/posts\/1247","targetHints":{"allow":["GET"]}}],"collection":[{"href":"https:\/\/levangilealecran.com\/index.php?rest_route=\/wp\/v2\/posts"}],"about":[{"href":"https:\/\/levangilealecran.com\/index.php?rest_route=\/wp\/v2\/types\/post"}],"author":[{"embeddable":true,"href":"https:\/\/levangilealecran.com\/index.php?rest_route=\/wp\/v2\/users\/1"}],"replies":[{"embeddable":true,"href":"https:\/\/levangilealecran.com\/index.php?rest_route=%2Fwp%2Fv2%2Fcomments&post=1247"}],"version-history":[{"count":2,"href":"https:\/\/levangilealecran.com\/index.php?rest_route=\/wp\/v2\/posts\/1247\/revisions"}],"predecessor-version":[{"id":1249,"href":"https:\/\/levangilealecran.com\/index.php?rest_route=\/wp\/v2\/posts\/1247\/revisions\/1249"}],"wp:attachment":[{"href":"https:\/\/levangilealecran.com\/index.php?rest_route=%2Fwp%2Fv2%2Fmedia&parent=1247"}],"wp:term":[{"taxonomy":"category","embeddable":true,"href":"https:\/\/levangilealecran.com\/index.php?rest_route=%2Fwp%2Fv2%2Fcategories&post=1247"},{"taxonomy":"post_tag","embeddable":true,"href":"https:\/\/levangilealecran.com\/index.php?rest_route=%2Fwp%2Fv2%2Ftags&post=1247"}],"curies":[{"name":"wp","href":"https:\/\/api.w.org\/{rel}","templated":true}]}}