{"id":1237,"date":"2017-06-23T15:40:02","date_gmt":"2017-06-23T13:40:02","guid":{"rendered":"http:\/\/levangilealecran.com?p=1237"},"modified":"2017-06-23T15:40:02","modified_gmt":"2017-06-23T13:40:02","slug":"12e-dimanche-a","status":"publish","type":"post","link":"https:\/\/levangilealecran.com\/?p=1237","title":{"rendered":"12e dimanche &#8211; A"},"content":{"rendered":"<p>\u00ab\u00a0Est-ce que l&rsquo;on ne vend pas deux moineaux pour un sou ? Pourtant, pas un d&rsquo;entre eux ne tombe \u00e0 terre ind\u00e9pendamment de votre P\u00e8re. Quant \u00e0 vous, m\u00eame vos cheveux sont tous compt\u00e9s. Soyez donc sans crainte: vous valez mieux, vous, que tous les moineaux.\u00a0\u00bb (Mt 10, 29-31)<\/p>\n<p><strong>&gt; Cette parole nous dit de ne pas avoir peur. On pourrait penser que c\u2019est facile \u00e0 dire, mais suivant les situations, tr\u00e8s difficile \u00e0 appliquer. Mais pour Matthieu, si on ne doit pas avoir peur, c\u2019est parce qu\u2019on peut faire confiance \u00e0 Dieu. A nouveau, on pourrait r\u00e9it\u00e9rer que c\u2019est plus facile \u00e0 dire qu\u2019\u00e0 faire. Mais si on peut faire confiance \u00e0 Dieu, c\u2019est parce qu\u2019il se donne \u00e0 conna\u00eetre, c\u2019est parce qu\u2019il s\u2019est fait proche, c\u2019est parce qu\u2019il veut \u00eatre pour nous un P\u00e8re aimant. Nous sommes ainsi invit\u00e9s \u00e0 faire confiance \u00e0 quelqu\u2019un\u00a0qui nous conna\u00eet personnellement, pour qui nous sommes pr\u00e9cieux et qui nous invite \u00e0 le conna\u00eetre et \u00e0 lui faire confiance.<\/strong><\/p>\n<p><strong>&gt; Nous nous proposons cette semaine de prendre du temps pour r\u00e9fl\u00e9chir \u00e0 nos peurs, et particuli\u00e8rement celles qui nous emp\u00eachent d\u2019\u00eatre pleinement nous-m\u00eames. Arrivons-nous \u00e0 les confier \u00e0 ce P\u00e8re pour qui nous sommes une merveille ?<\/strong><\/p>\n","protected":false},"excerpt":{"rendered":"<p>\u00ab\u00a0Est-ce que l&rsquo;on ne vend pas deux moineaux pour un sou ? Pourtant, pas un d&rsquo;entre eux ne tombe \u00e0 terre ind\u00e9pendamment de votre P\u00e8re. Quant \u00e0 vous, m\u00eame vos cheveux sont tous compt\u00e9s. Soyez donc sans crainte: vous valez mieux, vous, que tous les moineaux.\u00a0\u00bb (Mt 10, 29-31) &gt; Cette parole nous dit de ne pas avoir peur. On pourrait penser que c\u2019est facile \u00e0 dire, mais suivant les situations, tr\u00e8s difficile \u00e0 appliquer. Mais pour Matthieu, si on ne doit pas avoir peur, c\u2019est parce qu\u2019on peut faire confiance \u00e0 Dieu. A nouveau, on pourrait r\u00e9it\u00e9rer que c\u2019est plus facile \u00e0 dire qu\u2019\u00e0 faire. Mais si on peut \u2026 <a class=\"continue-reading-link\" href=\"https:\/\/levangilealecran.com\/?p=1237\"> Continue reading <span class=\"meta-nav\">&rarr; <\/span><\/a><\/p>\n","protected":false},"author":1,"featured_media":0,"comment_status":"open","ping_status":"open","sticky":false,"template":"","format":"standard","meta":{"footnotes":""},"categories":[4,8],"tags":[26,433,586],"class_list":["post-1237","post","type-post","status-publish","format-standard","hentry","category-dimanche","category-matthieu","tag-confiance","tag-matthieu","tag-peurs"],"_links":{"self":[{"href":"https:\/\/levangilealecran.com\/index.php?rest_route=\/wp\/v2\/posts\/1237","targetHints":{"allow":["GET"]}}],"collection":[{"href":"https:\/\/levangilealecran.com\/index.php?rest_route=\/wp\/v2\/posts"}],"about":[{"href":"https:\/\/levangilealecran.com\/index.php?rest_route=\/wp\/v2\/types\/post"}],"author":[{"embeddable":true,"href":"https:\/\/levangilealecran.com\/index.php?rest_route=\/wp\/v2\/users\/1"}],"replies":[{"embeddable":true,"href":"https:\/\/levangilealecran.com\/index.php?rest_route=%2Fwp%2Fv2%2Fcomments&post=1237"}],"version-history":[{"count":1,"href":"https:\/\/levangilealecran.com\/index.php?rest_route=\/wp\/v2\/posts\/1237\/revisions"}],"predecessor-version":[{"id":1238,"href":"https:\/\/levangilealecran.com\/index.php?rest_route=\/wp\/v2\/posts\/1237\/revisions\/1238"}],"wp:attachment":[{"href":"https:\/\/levangilealecran.com\/index.php?rest_route=%2Fwp%2Fv2%2Fmedia&parent=1237"}],"wp:term":[{"taxonomy":"category","embeddable":true,"href":"https:\/\/levangilealecran.com\/index.php?rest_route=%2Fwp%2Fv2%2Fcategories&post=1237"},{"taxonomy":"post_tag","embeddable":true,"href":"https:\/\/levangilealecran.com\/index.php?rest_route=%2Fwp%2Fv2%2Ftags&post=1237"}],"curies":[{"name":"wp","href":"https:\/\/api.w.org\/{rel}","templated":true}]}}