{"id":1223,"date":"2017-05-19T10:22:19","date_gmt":"2017-05-19T08:22:19","guid":{"rendered":"http:\/\/levangilealecran.com?p=1223"},"modified":"2017-05-19T10:22:19","modified_gmt":"2017-05-19T08:22:19","slug":"6e-dimanche-de-paques-a","status":"publish","type":"post","link":"https:\/\/levangilealecran.com\/?p=1223","title":{"rendered":"6e dimanche de P\u00e2ques &#8211; A"},"content":{"rendered":"<p>\u00ab\u00a0L&rsquo;Esprit de v\u00e9rit\u00e9, lui que le monde ne peut recevoir, car il ne le voit pas et ne le conna\u00eet pas; vous, vous le connaissez car il demeure aupr\u00e8s de vous et il sera en vous.\u00a0\u00bb (Jean 14,17)<\/p>\n<p>&gt; Avons-nous conscience que l&rsquo;Esprit est aupr\u00e8s de toi ? Le voyons-nous dans chaque geste d&rsquo;Amour, dans chaque effort vers la paix, dans chaque r\u00e9conciliation, dans chaque geste de tendresse, dans chaque sourire que nous croisons ?<\/p>\n<p>\u00c0 nous de le r\u00e9pandre autour de nous cette semaine, pour qu&rsquo;il demeure dans le monde, par un sourire, un geste tendre, une r\u00e9conciliation, un effort de paix, un geste d&rsquo;Amour.<\/p>\n","protected":false},"excerpt":{"rendered":"<p>\u00ab\u00a0L&rsquo;Esprit de v\u00e9rit\u00e9, lui que le monde ne peut recevoir, car il ne le voit pas et ne le conna\u00eet pas; vous, vous le connaissez car il demeure aupr\u00e8s de vous et il sera en vous.\u00a0\u00bb (Jean 14,17) &gt; Avons-nous conscience que l&rsquo;Esprit est aupr\u00e8s de toi ? Le voyons-nous dans chaque geste d&rsquo;Amour, dans chaque effort vers la paix, dans chaque r\u00e9conciliation, dans chaque geste de tendresse, dans chaque sourire que nous croisons ? \u00c0 nous de le r\u00e9pandre autour de nous cette semaine, pour qu&rsquo;il demeure dans le monde, par un sourire, un geste tendre, une r\u00e9conciliation, un effort de paix, un geste d&rsquo;Amour.<\/p>\n","protected":false},"author":1,"featured_media":0,"comment_status":"open","ping_status":"open","sticky":false,"template":"","format":"standard","meta":{"footnotes":""},"categories":[4,5,73],"tags":[86,430,19],"class_list":["post-1223","post","type-post","status-publish","format-standard","hentry","category-dimanche","category-jean","category-paques","tag-esprit-saint","tag-jean","tag-paix"],"_links":{"self":[{"href":"https:\/\/levangilealecran.com\/index.php?rest_route=\/wp\/v2\/posts\/1223","targetHints":{"allow":["GET"]}}],"collection":[{"href":"https:\/\/levangilealecran.com\/index.php?rest_route=\/wp\/v2\/posts"}],"about":[{"href":"https:\/\/levangilealecran.com\/index.php?rest_route=\/wp\/v2\/types\/post"}],"author":[{"embeddable":true,"href":"https:\/\/levangilealecran.com\/index.php?rest_route=\/wp\/v2\/users\/1"}],"replies":[{"embeddable":true,"href":"https:\/\/levangilealecran.com\/index.php?rest_route=%2Fwp%2Fv2%2Fcomments&post=1223"}],"version-history":[{"count":1,"href":"https:\/\/levangilealecran.com\/index.php?rest_route=\/wp\/v2\/posts\/1223\/revisions"}],"predecessor-version":[{"id":1224,"href":"https:\/\/levangilealecran.com\/index.php?rest_route=\/wp\/v2\/posts\/1223\/revisions\/1224"}],"wp:attachment":[{"href":"https:\/\/levangilealecran.com\/index.php?rest_route=%2Fwp%2Fv2%2Fmedia&parent=1223"}],"wp:term":[{"taxonomy":"category","embeddable":true,"href":"https:\/\/levangilealecran.com\/index.php?rest_route=%2Fwp%2Fv2%2Fcategories&post=1223"},{"taxonomy":"post_tag","embeddable":true,"href":"https:\/\/levangilealecran.com\/index.php?rest_route=%2Fwp%2Fv2%2Ftags&post=1223"}],"curies":[{"name":"wp","href":"https:\/\/api.w.org\/{rel}","templated":true}]}}