{"id":1220,"date":"2017-05-12T11:20:44","date_gmt":"2017-05-12T09:20:44","guid":{"rendered":"http:\/\/levangilealecran.com?p=1220"},"modified":"2017-05-12T11:20:44","modified_gmt":"2017-05-12T09:20:44","slug":"5e-dimanche-de-paques-a-3","status":"publish","type":"post","link":"https:\/\/levangilealecran.com\/?p=1220","title":{"rendered":"5e dimanche de P\u00e2ques &#8211; A"},"content":{"rendered":"<p>Thomas lui dit : \u00ab\u00a0Seigneur, nous ne savons pas o\u00f9 tu vas. Comment pourrions-nous savoir le chemin ?\u00a0\u00bb Jn 14, 5<\/p>\n<p><strong>&gt; Il est tr\u00e8s facile de se rapprocher de Thomas. Dans tout ce qu&rsquo;il fait, dans tout ce qu&rsquo;il dit, il y a cette part de doute, de questionnement. Des \u00ab\u00a0je ne sais pas\u00a0\u00bb, des \u00ab\u00a0Pourquoi Seigneur ? des \u00ab\u00a0Pourquoi moi ?\u00a0\u00bb des \u00ab\u00a0Que t&rsquo;ai-je fait ?\u00a0\u00bb.<\/strong><\/p>\n<p><strong>J\u00e9sus nous dit \u00ab\u00a0pour aller o\u00f9 je vais, vous savez le chemin\u00a0\u00bb. Nous avons beau l&rsquo;imaginer ou m\u00eame le concevoir, il reste parfois dans nos vies si abstrait. Nous avons besoin comme Thomas de le visualiser, de nous\u00a0dire que ce chemin a un trajet d\u00e9termin\u00e9, qu&rsquo;il nous emm\u00e8nera \u00e0 cet endroit, que nous aurons besoin de tant d&rsquo;affaires, de tant d&rsquo;argent.<\/strong><\/p>\n<p><strong>Mais J\u00e9sus nous encourage\u00a0\u00e0 nous\u00a0lib\u00e9rer de tout \u00e7a, de le suivre simplement sans prendre en consid\u00e9ration de savoir si nous aurons \u00e0 manger demain.<\/strong><\/p>\n<p><strong>Le premier pas \u00e0 faire pour trouver ce chemin : la pri\u00e8re.<\/strong><\/p>\n","protected":false},"excerpt":{"rendered":"<p>Thomas lui dit : \u00ab\u00a0Seigneur, nous ne savons pas o\u00f9 tu vas. Comment pourrions-nous savoir le chemin ?\u00a0\u00bb Jn 14, 5 &gt; Il est tr\u00e8s facile de se rapprocher de Thomas. Dans tout ce qu&rsquo;il fait, dans tout ce qu&rsquo;il dit, il y a cette part de doute, de questionnement. Des \u00ab\u00a0je ne sais pas\u00a0\u00bb, des \u00ab\u00a0Pourquoi Seigneur ? des \u00ab\u00a0Pourquoi moi ?\u00a0\u00bb des \u00ab\u00a0Que t&rsquo;ai-je fait ?\u00a0\u00bb. J\u00e9sus nous dit \u00ab\u00a0pour aller o\u00f9 je vais, vous savez le chemin\u00a0\u00bb. Nous avons beau l&rsquo;imaginer ou m\u00eame le concevoir, il reste parfois dans nos vies si abstrait. Nous avons besoin comme Thomas de le visualiser, de nous\u00a0dire que ce chemin a \u2026 <a class=\"continue-reading-link\" href=\"https:\/\/levangilealecran.com\/?p=1220\"> Continue reading <span class=\"meta-nav\">&rarr; <\/span><\/a><\/p>\n","protected":false},"author":1,"featured_media":0,"comment_status":"open","ping_status":"open","sticky":false,"template":"","format":"standard","meta":{"footnotes":""},"categories":[4,5,73],"tags":[101,430,31,580,573,399],"class_list":["post-1220","post","type-post","status-publish","format-standard","hentry","category-dimanche","category-jean","category-paques","tag-chemin","tag-jean","tag-priere","tag-providence","tag-souci","tag-thomas"],"_links":{"self":[{"href":"https:\/\/levangilealecran.com\/index.php?rest_route=\/wp\/v2\/posts\/1220","targetHints":{"allow":["GET"]}}],"collection":[{"href":"https:\/\/levangilealecran.com\/index.php?rest_route=\/wp\/v2\/posts"}],"about":[{"href":"https:\/\/levangilealecran.com\/index.php?rest_route=\/wp\/v2\/types\/post"}],"author":[{"embeddable":true,"href":"https:\/\/levangilealecran.com\/index.php?rest_route=\/wp\/v2\/users\/1"}],"replies":[{"embeddable":true,"href":"https:\/\/levangilealecran.com\/index.php?rest_route=%2Fwp%2Fv2%2Fcomments&post=1220"}],"version-history":[{"count":1,"href":"https:\/\/levangilealecran.com\/index.php?rest_route=\/wp\/v2\/posts\/1220\/revisions"}],"predecessor-version":[{"id":1221,"href":"https:\/\/levangilealecran.com\/index.php?rest_route=\/wp\/v2\/posts\/1220\/revisions\/1221"}],"wp:attachment":[{"href":"https:\/\/levangilealecran.com\/index.php?rest_route=%2Fwp%2Fv2%2Fmedia&parent=1220"}],"wp:term":[{"taxonomy":"category","embeddable":true,"href":"https:\/\/levangilealecran.com\/index.php?rest_route=%2Fwp%2Fv2%2Fcategories&post=1220"},{"taxonomy":"post_tag","embeddable":true,"href":"https:\/\/levangilealecran.com\/index.php?rest_route=%2Fwp%2Fv2%2Ftags&post=1220"}],"curies":[{"name":"wp","href":"https:\/\/api.w.org\/{rel}","templated":true}]}}