{"id":1217,"date":"2017-05-05T15:55:34","date_gmt":"2017-05-05T13:55:34","guid":{"rendered":"http:\/\/levangilealecran.com?p=1217"},"modified":"2017-05-05T15:55:34","modified_gmt":"2017-05-05T13:55:34","slug":"4e-dimanche-de-paques-a-2","status":"publish","type":"post","link":"https:\/\/levangilealecran.com\/?p=1217","title":{"rendered":"4e dimanche de P\u00e2ques &#8211; A"},"content":{"rendered":"<p>\u00ab\u00a0Moi, je suis la porte des brebis. Tous ceux qui sont venus avant moi sont des voleurs et des bandits ; mais les brebis ne les ont pas \u00e9cout\u00e9s. Moi, je suis la porte. Si quelqu\u2019un entre en passant par moi, il sera sauv\u00e9\u00a0\u00bb (Jean 10, 7-9)<\/p>\n<p><strong>&gt; En ce week-end d\u2019\u00e9lection pour les Fran\u00e7ais, et du m\u00eame coup en cette p\u00e9riode d\u2019hyst\u00e9rie collective, les mots de J\u00e9sus viennent rappeler l\u2019essentiel : c\u2019est lui qui sauve. Personne d\u2019autre. Alors pas la peine d\u2019attendre un autre sauveur. Pas la peine de confondre le temporel et le spirituel, de placer notre esp\u00e9rance en des lieux peu \u00e0 m\u00eame de la combler. A nous chr\u00e9tiens peut-\u00eatre de montrer le chemin de la s\u00e9r\u00e9nit\u00e9, car notre Sauveur nous le connaissons d\u00e9j\u00e0 et il nous a d\u00e9j\u00e0 sauv\u00e9s. Plut\u00f4t que de jouer les angoiss\u00e9s, \u00e9coutons les mots de J\u00e9sus qui est la porte.<\/strong><\/p>\n<p><strong>Cette semaine, il nous est donc propos\u00e9 &#8211;\u00a0pour commencer &#8211; de respirer un grand coup et de r\u00e9fl\u00e9chir en m\u00eame temps \u00e0 la personne en laquelle nous\u00a0pla\u00e7ons notre\u00a0esp\u00e9rance. Nous pourrions\u00a0ensuite essayer de\u00a0ne pas nous emporter dans les jours qui viennent mais d\u2019\u00eatre une pr\u00e9sence pos\u00e9e et apais\u00e9e au milieu du tumulte du monde puisque, nous, nous\u00a0le connaissons d\u00e9j\u00e0, notre\u00a0Sauveur.<\/strong><\/p>\n","protected":false},"excerpt":{"rendered":"<p>\u00ab\u00a0Moi, je suis la porte des brebis. Tous ceux qui sont venus avant moi sont des voleurs et des bandits ; mais les brebis ne les ont pas \u00e9cout\u00e9s. Moi, je suis la porte. Si quelqu\u2019un entre en passant par moi, il sera sauv\u00e9\u00a0\u00bb (Jean 10, 7-9) &gt; En ce week-end d\u2019\u00e9lection pour les Fran\u00e7ais, et du m\u00eame coup en cette p\u00e9riode d\u2019hyst\u00e9rie collective, les mots de J\u00e9sus viennent rappeler l\u2019essentiel : c\u2019est lui qui sauve. Personne d\u2019autre. Alors pas la peine d\u2019attendre un autre sauveur. Pas la peine de confondre le temporel et le spirituel, de placer notre esp\u00e9rance en des lieux peu \u00e0 m\u00eame de la combler. A \u2026 <a class=\"continue-reading-link\" href=\"https:\/\/levangilealecran.com\/?p=1217\"> Continue reading <span class=\"meta-nav\">&rarr; <\/span><\/a><\/p>\n","protected":false},"author":1,"featured_media":0,"comment_status":"open","ping_status":"open","sticky":false,"template":"","format":"standard","meta":{"footnotes":""},"categories":[4,5,73],"tags":[579,430,19,434,13],"class_list":["post-1217","post","type-post","status-publish","format-standard","hentry","category-dimanche","category-jean","category-paques","tag-calme","tag-jean","tag-paix","tag-paques","tag-sauveur"],"_links":{"self":[{"href":"https:\/\/levangilealecran.com\/index.php?rest_route=\/wp\/v2\/posts\/1217","targetHints":{"allow":["GET"]}}],"collection":[{"href":"https:\/\/levangilealecran.com\/index.php?rest_route=\/wp\/v2\/posts"}],"about":[{"href":"https:\/\/levangilealecran.com\/index.php?rest_route=\/wp\/v2\/types\/post"}],"author":[{"embeddable":true,"href":"https:\/\/levangilealecran.com\/index.php?rest_route=\/wp\/v2\/users\/1"}],"replies":[{"embeddable":true,"href":"https:\/\/levangilealecran.com\/index.php?rest_route=%2Fwp%2Fv2%2Fcomments&post=1217"}],"version-history":[{"count":1,"href":"https:\/\/levangilealecran.com\/index.php?rest_route=\/wp\/v2\/posts\/1217\/revisions"}],"predecessor-version":[{"id":1218,"href":"https:\/\/levangilealecran.com\/index.php?rest_route=\/wp\/v2\/posts\/1217\/revisions\/1218"}],"wp:attachment":[{"href":"https:\/\/levangilealecran.com\/index.php?rest_route=%2Fwp%2Fv2%2Fmedia&parent=1217"}],"wp:term":[{"taxonomy":"category","embeddable":true,"href":"https:\/\/levangilealecran.com\/index.php?rest_route=%2Fwp%2Fv2%2Fcategories&post=1217"},{"taxonomy":"post_tag","embeddable":true,"href":"https:\/\/levangilealecran.com\/index.php?rest_route=%2Fwp%2Fv2%2Ftags&post=1217"}],"curies":[{"name":"wp","href":"https:\/\/api.w.org\/{rel}","templated":true}]}}