{"id":1215,"date":"2017-04-28T21:33:36","date_gmt":"2017-04-28T19:33:36","guid":{"rendered":"http:\/\/levangilealecran.com?p=1215"},"modified":"2017-04-28T21:33:36","modified_gmt":"2017-04-28T19:33:36","slug":"3e-dimanche-de-paques-a-2","status":"publish","type":"post","link":"https:\/\/levangilealecran.com\/?p=1215","title":{"rendered":"3e dimanche de P\u00e2ques &#8211; A"},"content":{"rendered":"<p>\u00ab\u00a0Le m\u00eame jour (c\u2019est-\u00e0-dire le premier jour de la semaine), deux disciples faisaient route vers un village appel\u00e9 Emma\u00fcs, \u00e0 deux heures de marche de J\u00e9rusalem, et ils parlaient entre eux de tout ce qui s\u2019\u00e9tait pass\u00e9. Or, tandis qu\u2019ils s\u2019entretenaient et s\u2019interrogeaient, J\u00e9sus lui-m\u00eame s\u2019approcha, et il marchait avec eux.\u00a0\u00bb (Luc 24,13-15)<\/p>\n<p><strong>&gt; J\u00e9sus rejoint sur leur propre chemin ceux qui marchent, ceux qui sont en route, ceux qui s&rsquo;interrogent. J&rsquo;aime \u00e0 me dire qu&rsquo;il rejoint moins facilement ceux qui sont arr\u00eat\u00e9s, ceux qui croient \u00eatre arriv\u00e9s, ceux qui sont persuad\u00e9s d&rsquo;avoir d\u00e9j\u00e0 toutes les r\u00e9ponses et qui ne se posent plus de questions.<\/strong><\/p>\n<p><strong>Et si du coup, cette semaine, nous nous proposions de marcher, de nous remettre en route, de nous poser les questions qui d\u00e9rangent ou simplement celles qui font avancer dans nos vies ? Il n&rsquo;est pas impossible que J\u00e9sus nous rejoigne alors, sur les chemins de nos vies, aux carrefours de nos questions.<\/strong><\/p>\n","protected":false},"excerpt":{"rendered":"<p>\u00ab\u00a0Le m\u00eame jour (c\u2019est-\u00e0-dire le premier jour de la semaine), deux disciples faisaient route vers un village appel\u00e9 Emma\u00fcs, \u00e0 deux heures de marche de J\u00e9rusalem, et ils parlaient entre eux de tout ce qui s\u2019\u00e9tait pass\u00e9. Or, tandis qu\u2019ils s\u2019entretenaient et s\u2019interrogeaient, J\u00e9sus lui-m\u00eame s\u2019approcha, et il marchait avec eux.\u00a0\u00bb (Luc 24,13-15) &gt; J\u00e9sus rejoint sur leur propre chemin ceux qui marchent, ceux qui sont en route, ceux qui s&rsquo;interrogent. J&rsquo;aime \u00e0 me dire qu&rsquo;il rejoint moins facilement ceux qui sont arr\u00eat\u00e9s, ceux qui croient \u00eatre arriv\u00e9s, ceux qui sont persuad\u00e9s d&rsquo;avoir d\u00e9j\u00e0 toutes les r\u00e9ponses et qui ne se posent plus de questions. Et si du coup, cette \u2026 <a class=\"continue-reading-link\" href=\"https:\/\/levangilealecran.com\/?p=1215\"> Continue reading <span class=\"meta-nav\">&rarr; <\/span><\/a><\/p>\n","protected":false},"author":1,"featured_media":0,"comment_status":"open","ping_status":"open","sticky":false,"template":"","format":"standard","meta":{"footnotes":""},"categories":[4,6,73],"tags":[101,262,431,184,17],"class_list":["post-1215","post","type-post","status-publish","format-standard","hentry","category-dimanche","category-luc","category-paques","tag-chemin","tag-emmaus","tag-luc","tag-questions","tag-route"],"_links":{"self":[{"href":"https:\/\/levangilealecran.com\/index.php?rest_route=\/wp\/v2\/posts\/1215","targetHints":{"allow":["GET"]}}],"collection":[{"href":"https:\/\/levangilealecran.com\/index.php?rest_route=\/wp\/v2\/posts"}],"about":[{"href":"https:\/\/levangilealecran.com\/index.php?rest_route=\/wp\/v2\/types\/post"}],"author":[{"embeddable":true,"href":"https:\/\/levangilealecran.com\/index.php?rest_route=\/wp\/v2\/users\/1"}],"replies":[{"embeddable":true,"href":"https:\/\/levangilealecran.com\/index.php?rest_route=%2Fwp%2Fv2%2Fcomments&post=1215"}],"version-history":[{"count":1,"href":"https:\/\/levangilealecran.com\/index.php?rest_route=\/wp\/v2\/posts\/1215\/revisions"}],"predecessor-version":[{"id":1216,"href":"https:\/\/levangilealecran.com\/index.php?rest_route=\/wp\/v2\/posts\/1215\/revisions\/1216"}],"wp:attachment":[{"href":"https:\/\/levangilealecran.com\/index.php?rest_route=%2Fwp%2Fv2%2Fmedia&parent=1215"}],"wp:term":[{"taxonomy":"category","embeddable":true,"href":"https:\/\/levangilealecran.com\/index.php?rest_route=%2Fwp%2Fv2%2Fcategories&post=1215"},{"taxonomy":"post_tag","embeddable":true,"href":"https:\/\/levangilealecran.com\/index.php?rest_route=%2Fwp%2Fv2%2Ftags&post=1215"}],"curies":[{"name":"wp","href":"https:\/\/api.w.org\/{rel}","templated":true}]}}