{"id":1212,"date":"2017-04-21T10:52:27","date_gmt":"2017-04-21T08:52:27","guid":{"rendered":"http:\/\/levangilealecran.com?p=1212"},"modified":"2017-04-21T10:52:27","modified_gmt":"2017-04-21T08:52:27","slug":"2e-dimanche-de-paques-a-2","status":"publish","type":"post","link":"https:\/\/levangilealecran.com\/?p=1212","title":{"rendered":"2e dimanche de P\u00e2ques &#8211; A"},"content":{"rendered":"<p>\u00ab Si je ne vois pas dans ses mains la marque des clous,<br \/>\nsi je ne mets pas mon doigt dans la marque des clous,<br \/>\nsi je ne mets pas la main dans son c\u00f4t\u00e9,<br \/>\nnon, je ne croirai pas ! \u00bb (Jn 20,25)<\/p>\n<p><strong>&gt; Thomas a besoin de voir pour croire. Et c&rsquo;est bien humain. Nous aussi, souvent, nous ressentons ce besoin, avouons-le.<\/strong><\/p>\n<p><strong>Croire \u00e0 la R\u00e9surrection des morts peut ainsi sembler&#8230; incroyable, tant que nous n&rsquo;avons pas vu de nos yeux ce qui nous attend tous.<\/strong><\/p>\n<p><strong>Pourtant&#8230; chaque ann\u00e9e &#8211; comme par hasard pr\u00e9cis\u00e9ment \u00e0 la p\u00e9riode de P\u00e2ques &#8211; la nature ressuscite sous nos yeux. Ce qui semblait mort, sec, froid, reprend vie dans nos for\u00eats, nos jardins et m\u00eame sur nos balcons. Que nous sommes lents \u00e0 croire ce que nous avons sous les yeux chaque ann\u00e9e !<\/strong><\/p>\n<p><strong>Nous vous\u00a0proposons de vous \u00e9merveiller de cette vie qui jaillit en mille couleurs sous nos yeux, cette semaine, et que cela nous aide \u00e0 croire ce que nous\u00a0ne voyons pas d&rsquo;apr\u00e8s ce que nous\u00a0voyons&#8230;<\/strong><\/p>\n","protected":false},"excerpt":{"rendered":"<p>\u00ab Si je ne vois pas dans ses mains la marque des clous, si je ne mets pas mon doigt dans la marque des clous, si je ne mets pas la main dans son c\u00f4t\u00e9, non, je ne croirai pas ! \u00bb (Jn 20,25) &gt; Thomas a besoin de voir pour croire. Et c&rsquo;est bien humain. Nous aussi, souvent, nous ressentons ce besoin, avouons-le. Croire \u00e0 la R\u00e9surrection des morts peut ainsi sembler&#8230; incroyable, tant que nous n&rsquo;avons pas vu de nos yeux ce qui nous attend tous. Pourtant&#8230; chaque ann\u00e9e &#8211; comme par hasard pr\u00e9cis\u00e9ment \u00e0 la p\u00e9riode de P\u00e2ques &#8211; la nature ressuscite sous nos yeux. Ce qui \u2026 <a class=\"continue-reading-link\" href=\"https:\/\/levangilealecran.com\/?p=1212\"> Continue reading <span class=\"meta-nav\">&rarr; <\/span><\/a><\/p>\n","protected":false},"author":1,"featured_media":0,"comment_status":"open","ping_status":"open","sticky":false,"template":"","format":"standard","meta":{"footnotes":""},"categories":[4,5,73],"tags":[76,430,578,577,55,399],"class_list":["post-1212","post","type-post","status-publish","format-standard","hentry","category-dimanche","category-jean","category-paques","tag-foi","tag-jean","tag-nature","tag-printemps","tag-resurrection","tag-thomas"],"_links":{"self":[{"href":"https:\/\/levangilealecran.com\/index.php?rest_route=\/wp\/v2\/posts\/1212","targetHints":{"allow":["GET"]}}],"collection":[{"href":"https:\/\/levangilealecran.com\/index.php?rest_route=\/wp\/v2\/posts"}],"about":[{"href":"https:\/\/levangilealecran.com\/index.php?rest_route=\/wp\/v2\/types\/post"}],"author":[{"embeddable":true,"href":"https:\/\/levangilealecran.com\/index.php?rest_route=\/wp\/v2\/users\/1"}],"replies":[{"embeddable":true,"href":"https:\/\/levangilealecran.com\/index.php?rest_route=%2Fwp%2Fv2%2Fcomments&post=1212"}],"version-history":[{"count":1,"href":"https:\/\/levangilealecran.com\/index.php?rest_route=\/wp\/v2\/posts\/1212\/revisions"}],"predecessor-version":[{"id":1213,"href":"https:\/\/levangilealecran.com\/index.php?rest_route=\/wp\/v2\/posts\/1212\/revisions\/1213"}],"wp:attachment":[{"href":"https:\/\/levangilealecran.com\/index.php?rest_route=%2Fwp%2Fv2%2Fmedia&parent=1212"}],"wp:term":[{"taxonomy":"category","embeddable":true,"href":"https:\/\/levangilealecran.com\/index.php?rest_route=%2Fwp%2Fv2%2Fcategories&post=1212"},{"taxonomy":"post_tag","embeddable":true,"href":"https:\/\/levangilealecran.com\/index.php?rest_route=%2Fwp%2Fv2%2Ftags&post=1212"}],"curies":[{"name":"wp","href":"https:\/\/api.w.org\/{rel}","templated":true}]}}