{"id":1205,"date":"2017-03-31T15:31:20","date_gmt":"2017-03-31T13:31:20","guid":{"rendered":"http:\/\/levangilealecran.com?p=1205"},"modified":"2017-03-31T15:31:20","modified_gmt":"2017-03-31T13:31:20","slug":"5e-dimanche-de-careme-a-2","status":"publish","type":"post","link":"https:\/\/levangilealecran.com\/?p=1205","title":{"rendered":"5e dimanche de Car\u00eame &#8211; A"},"content":{"rendered":"<p>\u00ab\u00a0Ne t&rsquo;ai-je pas dit que si tu crois tu verras la gloire de Dieu ?\u00a0\u00bb (Jn 11, 40)<\/p>\n<p><strong>&gt; J\u00e9sus s&rsquo;appr\u00eate \u00e0 r\u00e9v\u00e9ler de mani\u00e8re implacable cette gloire de Dieu en faisant revenir Lazare \u00e0 la vie. Pourtant, peu importent les signes et les miracles accomplis, il y aura toujours des incr\u00e9dules. Car pour voir la gloire de Dieu, il faut les yeux de la foi.<\/strong><\/p>\n<p><strong>C&rsquo;est \u00e0 Marthe que J\u00e9sus dit ces paroles, l&rsquo;une des femmes qui le conna\u00eet bien et qui le suit. M\u00eame \u00e0 elle, J\u00e9sus doit rappeler que ce qui compte avant tout c&rsquo;est sa foi et que c&rsquo;est \u00e0 l&rsquo;aune de celle-ci qu&rsquo;elle pourra voir son Dieu. Tous les croyants ont besoin de ce rappel : est-ce que notre\u00a0foi est encore assez vive pour voir la gloire de notre\u00a0Dieu ? Et quand nous\u00a0nous croyons abandonn\u00e9s, redisons-nous avec fermet\u00e9 : oui je crois ?<\/strong><\/p>\n<p><strong>On peut bien montrer toutes les merveilles de Dieu, celui qui refuse de croire ne les verra pas. Mais avec les yeux de la foi on peut la voir de mani\u00e8re \u00e9clatante cette gloire de Dieu. C&rsquo;est ce que nous sommes invit\u00e9s \u00e0 faire cette semaine : renouveler notre\u00a0regard sur notre\u00a0vie et sur le monde avec un regard de foi, persuad\u00e9 que la gloire de Dieu se manifeste devant nous.<\/strong><\/p>\n","protected":false},"excerpt":{"rendered":"<p>\u00ab\u00a0Ne t&rsquo;ai-je pas dit que si tu crois tu verras la gloire de Dieu ?\u00a0\u00bb (Jn 11, 40) &gt; J\u00e9sus s&rsquo;appr\u00eate \u00e0 r\u00e9v\u00e9ler de mani\u00e8re implacable cette gloire de Dieu en faisant revenir Lazare \u00e0 la vie. Pourtant, peu importent les signes et les miracles accomplis, il y aura toujours des incr\u00e9dules. Car pour voir la gloire de Dieu, il faut les yeux de la foi. C&rsquo;est \u00e0 Marthe que J\u00e9sus dit ces paroles, l&rsquo;une des femmes qui le conna\u00eet bien et qui le suit. M\u00eame \u00e0 elle, J\u00e9sus doit rappeler que ce qui compte avant tout c&rsquo;est sa foi et que c&rsquo;est \u00e0 l&rsquo;aune de celle-ci qu&rsquo;elle pourra voir \u2026 <a class=\"continue-reading-link\" href=\"https:\/\/levangilealecran.com\/?p=1205\"> Continue reading <span class=\"meta-nav\">&rarr; <\/span><\/a><\/p>\n","protected":false},"author":1,"featured_media":0,"comment_status":"open","ping_status":"open","sticky":false,"template":"","format":"standard","meta":{"footnotes":""},"categories":[44,5],"tags":[47,357,76,430,111,209],"class_list":["post-1205","post","type-post","status-publish","format-standard","hentry","category-careme","category-jean","tag-careme-2","tag-conversion","tag-foi","tag-jean","tag-marthe","tag-regard"],"_links":{"self":[{"href":"https:\/\/levangilealecran.com\/index.php?rest_route=\/wp\/v2\/posts\/1205","targetHints":{"allow":["GET"]}}],"collection":[{"href":"https:\/\/levangilealecran.com\/index.php?rest_route=\/wp\/v2\/posts"}],"about":[{"href":"https:\/\/levangilealecran.com\/index.php?rest_route=\/wp\/v2\/types\/post"}],"author":[{"embeddable":true,"href":"https:\/\/levangilealecran.com\/index.php?rest_route=\/wp\/v2\/users\/1"}],"replies":[{"embeddable":true,"href":"https:\/\/levangilealecran.com\/index.php?rest_route=%2Fwp%2Fv2%2Fcomments&post=1205"}],"version-history":[{"count":1,"href":"https:\/\/levangilealecran.com\/index.php?rest_route=\/wp\/v2\/posts\/1205\/revisions"}],"predecessor-version":[{"id":1206,"href":"https:\/\/levangilealecran.com\/index.php?rest_route=\/wp\/v2\/posts\/1205\/revisions\/1206"}],"wp:attachment":[{"href":"https:\/\/levangilealecran.com\/index.php?rest_route=%2Fwp%2Fv2%2Fmedia&parent=1205"}],"wp:term":[{"taxonomy":"category","embeddable":true,"href":"https:\/\/levangilealecran.com\/index.php?rest_route=%2Fwp%2Fv2%2Fcategories&post=1205"},{"taxonomy":"post_tag","embeddable":true,"href":"https:\/\/levangilealecran.com\/index.php?rest_route=%2Fwp%2Fv2%2Ftags&post=1205"}],"curies":[{"name":"wp","href":"https:\/\/api.w.org\/{rel}","templated":true}]}}