{"id":1202,"date":"2017-03-24T15:12:55","date_gmt":"2017-03-24T14:12:55","guid":{"rendered":"http:\/\/levangilealecran.com?p=1202"},"modified":"2017-03-24T15:12:55","modified_gmt":"2017-03-24T14:12:55","slug":"4e-dimanche-de-careme-a-2","status":"publish","type":"post","link":"https:\/\/levangilealecran.com\/?p=1202","title":{"rendered":"4e dimanche de Car\u00eame &#8211; A"},"content":{"rendered":"<p>Ils ripost\u00e8rent: \u00a0\u00bb Tu n&rsquo;es que p\u00e9ch\u00e9 depuis ta naissance et tu viens nous faire la le\u00e7on! \u00ab\u00a0; et ils le jet\u00e8rent dehors. (Jn 9, 34)<\/p>\n<p><strong>&gt; Dans ce r\u00e9cit, J\u00e9sus gu\u00e9rit un aveugle de naissance. S\u2019ensuit pour celui-ci plusieurs \u00e9preuves : les voisins n\u2019arrivent pas \u00e0 croire que c\u2019est bien lui et qu\u2019il a \u00e9t\u00e9 gu\u00e9ri, les pharisiens l\u2019interrogent \u00e0 deux reprises au sujet de J\u00e9sus, ainsi que ses parents. Lui se contente d\u2019exposer les faits, sans jugement, mais il subit les accusations. Et quand il affirme que si J\u00e9sus ne venait pas de Dieu, il n\u2019aurait pas pu le gu\u00e9rir, les pharisiens le jettent dehors en affirmant qu\u2019il n\u2019est que p\u00e9ch\u00e9 depuis sa naissance. Quelle \u00e9preuve de plus !<\/strong><\/p>\n<p><strong>Cet homme, aveugle de naissance, est enferm\u00e9 par tous ceux qu\u2019il rencontre dans sa maladie. Puisqu&rsquo;il est aveugle, c\u2019est qu\u2019il est p\u00e9cheur, cela va de soi. Et bien qu\u2019il soit interrog\u00e9 par les pharisiens, ceux-ci ne cherchent pas \u00e0 entendre son avis, mais seulement \u00e0 condamner J\u00e9sus. A cause d\u2019un handicap, cet homme est rejet\u00e9. Et J\u00e9sus, bien plus que le gu\u00e9rir, lui redonne sa libert\u00e9 : cet homme n\u2019est pas aveugle parce que lui ou ses parents ont p\u00e9ch\u00e9. Ainsi, contrairement \u00e0 tous les autres acteurs du r\u00e9cit, J\u00e9sus redonne \u00e0 cet homme sa dignit\u00e9.<\/strong><\/p>\n<p><strong>&gt; Nous nous\u00a0proposons cette semaine, de faire particuli\u00e8rement attention au regard que nous\u00a0portons sur les personnes qui nous entourent : est-ce un regard qui consid\u00e8re la personne dans toute sa dignit\u00e9 ou qui l\u2019enferme dans des pr\u00e9jug\u00e9s ou des mauvaises exp\u00e9riences que vous avez pu partager ? Que nous puissions \u00e0 la suite du Christ poser des regards qui envisagent et qui lib\u00e8rent !<\/strong><\/p>\n","protected":false},"excerpt":{"rendered":"<p>Ils ripost\u00e8rent: \u00a0\u00bb Tu n&rsquo;es que p\u00e9ch\u00e9 depuis ta naissance et tu viens nous faire la le\u00e7on! \u00ab\u00a0; et ils le jet\u00e8rent dehors. (Jn 9, 34) &gt; Dans ce r\u00e9cit, J\u00e9sus gu\u00e9rit un aveugle de naissance. S\u2019ensuit pour celui-ci plusieurs \u00e9preuves : les voisins n\u2019arrivent pas \u00e0 croire que c\u2019est bien lui et qu\u2019il a \u00e9t\u00e9 gu\u00e9ri, les pharisiens l\u2019interrogent \u00e0 deux reprises au sujet de J\u00e9sus, ainsi que ses parents. Lui se contente d\u2019exposer les faits, sans jugement, mais il subit les accusations. Et quand il affirme que si J\u00e9sus ne venait pas de Dieu, il n\u2019aurait pas pu le gu\u00e9rir, les pharisiens le jettent dehors en affirmant qu\u2019il \u2026 <a class=\"continue-reading-link\" href=\"https:\/\/levangilealecran.com\/?p=1202\"> Continue reading <span class=\"meta-nav\">&rarr; <\/span><\/a><\/p>\n","protected":false},"author":1,"featured_media":0,"comment_status":"open","ping_status":"open","sticky":false,"template":"","format":"standard","meta":{"footnotes":""},"categories":[44,4,5],"tags":[250,430,575,380,209],"class_list":["post-1202","post","type-post","status-publish","format-standard","hentry","category-careme","category-dimanche","category-jean","tag-aveugle","tag-jean","tag-liberation","tag-non-jugement","tag-regard"],"_links":{"self":[{"href":"https:\/\/levangilealecran.com\/index.php?rest_route=\/wp\/v2\/posts\/1202","targetHints":{"allow":["GET"]}}],"collection":[{"href":"https:\/\/levangilealecran.com\/index.php?rest_route=\/wp\/v2\/posts"}],"about":[{"href":"https:\/\/levangilealecran.com\/index.php?rest_route=\/wp\/v2\/types\/post"}],"author":[{"embeddable":true,"href":"https:\/\/levangilealecran.com\/index.php?rest_route=\/wp\/v2\/users\/1"}],"replies":[{"embeddable":true,"href":"https:\/\/levangilealecran.com\/index.php?rest_route=%2Fwp%2Fv2%2Fcomments&post=1202"}],"version-history":[{"count":1,"href":"https:\/\/levangilealecran.com\/index.php?rest_route=\/wp\/v2\/posts\/1202\/revisions"}],"predecessor-version":[{"id":1203,"href":"https:\/\/levangilealecran.com\/index.php?rest_route=\/wp\/v2\/posts\/1202\/revisions\/1203"}],"wp:attachment":[{"href":"https:\/\/levangilealecran.com\/index.php?rest_route=%2Fwp%2Fv2%2Fmedia&parent=1202"}],"wp:term":[{"taxonomy":"category","embeddable":true,"href":"https:\/\/levangilealecran.com\/index.php?rest_route=%2Fwp%2Fv2%2Fcategories&post=1202"},{"taxonomy":"post_tag","embeddable":true,"href":"https:\/\/levangilealecran.com\/index.php?rest_route=%2Fwp%2Fv2%2Ftags&post=1202"}],"curies":[{"name":"wp","href":"https:\/\/api.w.org\/{rel}","templated":true}]}}