{"id":1200,"date":"2017-03-17T17:52:25","date_gmt":"2017-03-17T16:52:25","guid":{"rendered":"http:\/\/levangilealecran.com?p=1200"},"modified":"2017-03-17T17:52:25","modified_gmt":"2017-03-17T16:52:25","slug":"3e-dimanche-de-careme-a-2","status":"publish","type":"post","link":"https:\/\/levangilealecran.com\/?p=1200","title":{"rendered":"3e dimanche de Car\u00eame &#8211; A"},"content":{"rendered":"<p>\u00ab L\u2019heure vient o\u00f9 vous n\u2019irez plus ni sur cette montagne ni \u00e0 J\u00e9rusalem pour adorer le P\u00e8re. Vous, vous adorez ce que vous ne connaissez pas ; nous, nous adorons ce que nous connaissons (\u2026). L\u2019heure vient \u2013 et c\u2019est maintenant \u2013 o\u00f9 les vrais adorateurs adoreront le P\u00e8re en esprit et v\u00e9rit\u00e9 : tels sont les adorateurs que recherche le P\u00e8re. Dieu est esprit,<br \/>\net ceux qui l\u2019adorent, c\u2019est en esprit et v\u00e9rit\u00e9 qu\u2019ils doivent l\u2019adorer. \u00bb \u2013 Lc 4, 21s.<\/p>\n<p><strong>&gt; Une fois encore, le propos de J\u00e9sus, ici dans l\u2019\u00e9pisode c\u00e9l\u00e8bre de la Samaritaine, est d\u00e9concertant, d\u00e9coiffant, d\u00e9tonnant. Peu importe o\u00f9 nous nous\u00a0trouvons, l\u2019important, c\u2019est de prier, d\u2019adorer Dieu le P\u00e8re, de m\u00e9diter sa Parole \u00e0 la recherche de la v\u00e9rit\u00e9, de Sa v\u00e9rit\u00e9. Comment faire ?<\/strong><\/p>\n<p><strong>Il s\u2019agit de concentrer notre\u00a0esprit sur un texte ou un verset biblique en se le r\u00e9p\u00e9tant int\u00e9rieurement, comme un mantra, et de voir ce que Dieu a \u00e0 nous\u00a0dire, \u00e0 nous, aujourd\u2019hui, dans ce que nous\u00a0vivons, \u00e0 travers ces quelques mots. En essayant de ne pas \u00eatre distrait par quelque id\u00e9e parasite comme il en transite beaucoup dans notre\u00a0t\u00eate \u00e0 chaque instant. Ce n\u2019est pas de la \u00ab m\u00e9ditation pleine conscience \u00bb, devenue si \u00e0 la mode jusque dans nos \u00e9glises, parce qu\u2019adorer Dieu en esprit et en v\u00e9rit\u00e9 ne veut pas dire faire le vide dans sa t\u00eate et en chasser toutes les pens\u00e9es. La m\u00e9ditation chr\u00e9tienne puise sa nourriture dans la Bible afin de donner force et \u00e9nergie \u00e0 nos \u00e9motions, \u00e0 notre\u00a0foi en Christ. Plus nous\u00a0creuserons dans le texte biblique, plus notre\u00a0vie spirituelle en sera enrichie, notre\u00a0foi augment\u00e9e et notre\u00a0relation au Christ renforc\u00e9e. Cela peut se faire partout, m\u00eame dans le tram ou dans une salle d\u2019attente\u2026 Et si nous\u00a0commencions par l\u2019\u00e9pisode de la Samaritaine ou quelques versets s\u2019y rapportant ?!<\/strong><\/p>\n","protected":false},"excerpt":{"rendered":"<p>\u00ab L\u2019heure vient o\u00f9 vous n\u2019irez plus ni sur cette montagne ni \u00e0 J\u00e9rusalem pour adorer le P\u00e8re. Vous, vous adorez ce que vous ne connaissez pas ; nous, nous adorons ce que nous connaissons (\u2026). L\u2019heure vient \u2013 et c\u2019est maintenant \u2013 o\u00f9 les vrais adorateurs adoreront le P\u00e8re en esprit et v\u00e9rit\u00e9 : tels sont les adorateurs que recherche le P\u00e8re. Dieu est esprit, et ceux qui l\u2019adorent, c\u2019est en esprit et v\u00e9rit\u00e9 qu\u2019ils doivent l\u2019adorer. \u00bb \u2013 Lc 4, 21s. &gt; Une fois encore, le propos de J\u00e9sus, ici dans l\u2019\u00e9pisode c\u00e9l\u00e8bre de la Samaritaine, est d\u00e9concertant, d\u00e9coiffant, d\u00e9tonnant. Peu importe o\u00f9 nous nous\u00a0trouvons, l\u2019important, c\u2019est de \u2026 <a class=\"continue-reading-link\" href=\"https:\/\/levangilealecran.com\/?p=1200\"> Continue reading <span class=\"meta-nav\">&rarr; <\/span><\/a><\/p>\n","protected":false},"author":1,"featured_media":0,"comment_status":"open","ping_status":"open","sticky":false,"template":"","format":"standard","meta":{"footnotes":""},"categories":[44,4,6],"tags":[37,47,431,160,248],"class_list":["post-1200","post","type-post","status-publish","format-standard","hentry","category-careme","category-dimanche","category-luc","tag-bible","tag-careme-2","tag-luc","tag-meditation","tag-samaritaine"],"_links":{"self":[{"href":"https:\/\/levangilealecran.com\/index.php?rest_route=\/wp\/v2\/posts\/1200","targetHints":{"allow":["GET"]}}],"collection":[{"href":"https:\/\/levangilealecran.com\/index.php?rest_route=\/wp\/v2\/posts"}],"about":[{"href":"https:\/\/levangilealecran.com\/index.php?rest_route=\/wp\/v2\/types\/post"}],"author":[{"embeddable":true,"href":"https:\/\/levangilealecran.com\/index.php?rest_route=\/wp\/v2\/users\/1"}],"replies":[{"embeddable":true,"href":"https:\/\/levangilealecran.com\/index.php?rest_route=%2Fwp%2Fv2%2Fcomments&post=1200"}],"version-history":[{"count":1,"href":"https:\/\/levangilealecran.com\/index.php?rest_route=\/wp\/v2\/posts\/1200\/revisions"}],"predecessor-version":[{"id":1201,"href":"https:\/\/levangilealecran.com\/index.php?rest_route=\/wp\/v2\/posts\/1200\/revisions\/1201"}],"wp:attachment":[{"href":"https:\/\/levangilealecran.com\/index.php?rest_route=%2Fwp%2Fv2%2Fmedia&parent=1200"}],"wp:term":[{"taxonomy":"category","embeddable":true,"href":"https:\/\/levangilealecran.com\/index.php?rest_route=%2Fwp%2Fv2%2Fcategories&post=1200"},{"taxonomy":"post_tag","embeddable":true,"href":"https:\/\/levangilealecran.com\/index.php?rest_route=%2Fwp%2Fv2%2Ftags&post=1200"}],"curies":[{"name":"wp","href":"https:\/\/api.w.org\/{rel}","templated":true}]}}