{"id":1197,"date":"2017-03-10T00:30:08","date_gmt":"2017-03-09T23:30:08","guid":{"rendered":"http:\/\/levangilealecran.com?p=1197"},"modified":"2017-03-10T00:30:08","modified_gmt":"2017-03-09T23:30:08","slug":"2e-dimanche-de-careme-a-2","status":"publish","type":"post","link":"https:\/\/levangilealecran.com\/?p=1197","title":{"rendered":"2e dimanche de Car\u00eame &#8211; A"},"content":{"rendered":"<p>\u00ab Il parlait encore, lorsqu\u2019une nu\u00e9e lumineuse les couvrit de son ombre, et voici que, de la nu\u00e9e, une voix disait : \u00ab Celui-ci est mon Fils bien-aim\u00e9, en qui je trouve ma joie : \u00e9coutez-le ! \u00bb Quand ils entendirent cela, les disciples tomb\u00e8rent face contre terre et furent saisis d\u2019une grande crainte. J\u00e9sus s\u2019approcha, les toucha et leur dit : \u00ab Relevez-vous et soyez sans crainte ! \u00bb (Matthieu 17, 5-7)<\/p>\n<p><strong>&gt; Devant un signe de la pr\u00e9sence de Dieu, l\u2019homme de la Bible ne commence pas par s\u2019\u00e9merveiller, il s\u2019effondre dans la crainte, face contre terre. Cette crainte est pr\u00e9sente dans les trois Evangiles synoptiques (Matthieu, Marc et Luc).<\/strong><\/p>\n<p><strong>Pourtant, le r\u00e9cit matth\u00e9en a la sp\u00e9cificit\u00e9 de contenir le geste et la parole de J\u00e9sus. Celui-ci, d\u2019abord, s\u2019approche, puis touche les disciples, et enfin il leur parle avec cette parole que l\u2019on pourrait traduire par \u00ab Soyez relev\u00e9s une fois pour toute \u00bb !<\/strong><\/p>\n<p><strong>Le verbe <em>egeiro<\/em>, verbe utilis\u00e9 d\u2019une part pour \u00ab se relever \u00bb par exemple d\u2019un si\u00e8ge, voire pour \u00ab se r\u00e9veiller \u00bb, est \u00e9galement celui de la r\u00e9surrection. Anticipation de la gloire pascale, cette parole ne peut v\u00e9ritablement \u00eatre comprise qu\u2019\u00e0 la lumi\u00e8re de P\u00e2ques qui inclut le chemin de croix. Ainsi, par cette parole, le Christ nous invite \u00e0 nous pr\u00e9parer \u00e0 la r\u00e9surrection \u00e0 venir dans nos vies.<\/strong><\/p>\n","protected":false},"excerpt":{"rendered":"<p>\u00ab Il parlait encore, lorsqu\u2019une nu\u00e9e lumineuse les couvrit de son ombre, et voici que, de la nu\u00e9e, une voix disait : \u00ab Celui-ci est mon Fils bien-aim\u00e9, en qui je trouve ma joie : \u00e9coutez-le ! \u00bb Quand ils entendirent cela, les disciples tomb\u00e8rent face contre terre et furent saisis d\u2019une grande crainte. J\u00e9sus s\u2019approcha, les toucha et leur dit : \u00ab Relevez-vous et soyez sans crainte ! \u00bb (Matthieu 17, 5-7) &gt; Devant un signe de la pr\u00e9sence de Dieu, l\u2019homme de la Bible ne commence pas par s\u2019\u00e9merveiller, il s\u2019effondre dans la crainte, face contre terre. Cette crainte est pr\u00e9sente dans les trois Evangiles synoptiques (Matthieu, Marc \u2026 <a class=\"continue-reading-link\" href=\"https:\/\/levangilealecran.com\/?p=1197\"> Continue reading <span class=\"meta-nav\">&rarr; <\/span><\/a><\/p>\n","protected":false},"author":1,"featured_media":0,"comment_status":"open","ping_status":"open","sticky":false,"template":"","format":"standard","meta":{"footnotes":""},"categories":[44,4,8],"tags":[433,70,55,49],"class_list":["post-1197","post","type-post","status-publish","format-standard","hentry","category-careme","category-dimanche","category-matthieu","tag-matthieu","tag-relever","tag-resurrection","tag-transfiguration"],"_links":{"self":[{"href":"https:\/\/levangilealecran.com\/index.php?rest_route=\/wp\/v2\/posts\/1197","targetHints":{"allow":["GET"]}}],"collection":[{"href":"https:\/\/levangilealecran.com\/index.php?rest_route=\/wp\/v2\/posts"}],"about":[{"href":"https:\/\/levangilealecran.com\/index.php?rest_route=\/wp\/v2\/types\/post"}],"author":[{"embeddable":true,"href":"https:\/\/levangilealecran.com\/index.php?rest_route=\/wp\/v2\/users\/1"}],"replies":[{"embeddable":true,"href":"https:\/\/levangilealecran.com\/index.php?rest_route=%2Fwp%2Fv2%2Fcomments&post=1197"}],"version-history":[{"count":1,"href":"https:\/\/levangilealecran.com\/index.php?rest_route=\/wp\/v2\/posts\/1197\/revisions"}],"predecessor-version":[{"id":1198,"href":"https:\/\/levangilealecran.com\/index.php?rest_route=\/wp\/v2\/posts\/1197\/revisions\/1198"}],"wp:attachment":[{"href":"https:\/\/levangilealecran.com\/index.php?rest_route=%2Fwp%2Fv2%2Fmedia&parent=1197"}],"wp:term":[{"taxonomy":"category","embeddable":true,"href":"https:\/\/levangilealecran.com\/index.php?rest_route=%2Fwp%2Fv2%2Fcategories&post=1197"},{"taxonomy":"post_tag","embeddable":true,"href":"https:\/\/levangilealecran.com\/index.php?rest_route=%2Fwp%2Fv2%2Ftags&post=1197"}],"curies":[{"name":"wp","href":"https:\/\/api.w.org\/{rel}","templated":true}]}}