{"id":1183,"date":"2017-02-04T17:16:23","date_gmt":"2017-02-04T16:16:23","guid":{"rendered":"http:\/\/levangilealecran.com?p=1183"},"modified":"2017-02-04T17:16:23","modified_gmt":"2017-02-04T16:16:23","slug":"5e-dimanche-a-2","status":"publish","type":"post","link":"https:\/\/levangilealecran.com\/?p=1183","title":{"rendered":"5e dimanche &#8211; A"},"content":{"rendered":"<p>\u00ab Vous \u00eates la lumi\u00e8re du monde. (\u2026) que votre lumi\u00e8re brille devant les hommes : alors, voyant ce que vous faites de bien, ils rendront gloire \u00e0 votre P\u00e8re qui est aux cieux. \u00bb &#8211; Mt 5, 14.16<\/p>\n<p><strong>&gt; L\u2019une des plus belles et plus connues des paroles de J\u00e9sus ! Prononc\u00e9e durant son fameux \u00ab Sermon sur la montagne \u00bb !<\/strong><\/p>\n<p><strong>Ce \u00ab vous \u00eates \u00bb doit \u00eatre compris au sens communautaire, c\u2019est le \u00ab vous \u00bb de nos associations, familiales, amicales, professionnelles, b\u00e9n\u00e9voles\u2026 fond\u00e9 sur la pr\u00e9sence et l\u2019action du Christ dans notre\u00a0vie de tous les jours.<\/strong><\/p>\n<p><strong>Comment continuer \u00e0 faire en sorte que notre\u00a0vie, li\u00e9e \u00e0 celle de nos proches, ne manque ni de saveur ni de valeur ? Vous \u00eates, ensemble, la lumi\u00e8re du monde ! La lumi\u00e8re fait resplendir tout ce qui vous entoure. En \u00e9tant la lumi\u00e8re du monde, vous \u00e9clairez les autres, vous embellissez leur vie par certains c\u00f4t\u00e9s sp\u00e9ciaux conscients ou inconscients que vous avez !<\/strong><\/p>\n<p><strong>D\u00e8s aujourd&rsquo;hui, \u00ab en voyant ce que vous faites de bien, nous dit J\u00e9sus, les autres rendront gloire \u00e0 votre P\u00e8re qui est aux cieux. \u00bb Ce que vous faites de bien\u2026 Ce sont vos gestes et vos paroles, aupr\u00e8s d\u2019un parent, d\u2019un fr\u00e8re ou d\u2019une s\u0153ur, d\u2019un coll\u00e8gue, d\u2019un ami, d\u2019un inconnu\u2026 Rappelons-nous toujours que les petites attentions quotidiennes peuvent devenir de grandes actions ancr\u00e9es pour l\u2019\u00e9ternit\u00e9 !<\/strong><\/p>\n","protected":false},"excerpt":{"rendered":"<p>\u00ab Vous \u00eates la lumi\u00e8re du monde. (\u2026) que votre lumi\u00e8re brille devant les hommes : alors, voyant ce que vous faites de bien, ils rendront gloire \u00e0 votre P\u00e8re qui est aux cieux. \u00bb &#8211; Mt 5, 14.16 &gt; L\u2019une des plus belles et plus connues des paroles de J\u00e9sus ! Prononc\u00e9e durant son fameux \u00ab Sermon sur la montagne \u00bb ! Ce \u00ab vous \u00eates \u00bb doit \u00eatre compris au sens communautaire, c\u2019est le \u00ab vous \u00bb de nos associations, familiales, amicales, professionnelles, b\u00e9n\u00e9voles\u2026 fond\u00e9 sur la pr\u00e9sence et l\u2019action du Christ dans notre\u00a0vie de tous les jours. Comment continuer \u00e0 faire en sorte que notre\u00a0vie, li\u00e9e \u00e0 \u2026 <a class=\"continue-reading-link\" href=\"https:\/\/levangilealecran.com\/?p=1183\"> Continue reading <span class=\"meta-nav\">&rarr; <\/span><\/a><\/p>\n","protected":false},"author":1,"featured_media":0,"comment_status":"open","ping_status":"open","sticky":false,"template":"","format":"standard","meta":{"footnotes":""},"categories":[4,8],"tags":[570,403,237,433,569],"class_list":["post-1183","post","type-post","status-publish","format-standard","hentry","category-dimanche","category-matthieu","tag-attentions","tag-gestes","tag-lumiere","tag-matthieu","tag-sel"],"_links":{"self":[{"href":"https:\/\/levangilealecran.com\/index.php?rest_route=\/wp\/v2\/posts\/1183","targetHints":{"allow":["GET"]}}],"collection":[{"href":"https:\/\/levangilealecran.com\/index.php?rest_route=\/wp\/v2\/posts"}],"about":[{"href":"https:\/\/levangilealecran.com\/index.php?rest_route=\/wp\/v2\/types\/post"}],"author":[{"embeddable":true,"href":"https:\/\/levangilealecran.com\/index.php?rest_route=\/wp\/v2\/users\/1"}],"replies":[{"embeddable":true,"href":"https:\/\/levangilealecran.com\/index.php?rest_route=%2Fwp%2Fv2%2Fcomments&post=1183"}],"version-history":[{"count":1,"href":"https:\/\/levangilealecran.com\/index.php?rest_route=\/wp\/v2\/posts\/1183\/revisions"}],"predecessor-version":[{"id":1184,"href":"https:\/\/levangilealecran.com\/index.php?rest_route=\/wp\/v2\/posts\/1183\/revisions\/1184"}],"wp:attachment":[{"href":"https:\/\/levangilealecran.com\/index.php?rest_route=%2Fwp%2Fv2%2Fmedia&parent=1183"}],"wp:term":[{"taxonomy":"category","embeddable":true,"href":"https:\/\/levangilealecran.com\/index.php?rest_route=%2Fwp%2Fv2%2Fcategories&post=1183"},{"taxonomy":"post_tag","embeddable":true,"href":"https:\/\/levangilealecran.com\/index.php?rest_route=%2Fwp%2Fv2%2Ftags&post=1183"}],"curies":[{"name":"wp","href":"https:\/\/api.w.org\/{rel}","templated":true}]}}