{"id":1180,"date":"2017-01-28T00:28:59","date_gmt":"2017-01-27T23:28:59","guid":{"rendered":"http:\/\/levangilealecran.com?p=1180"},"modified":"2017-01-28T00:28:59","modified_gmt":"2017-01-27T23:28:59","slug":"4e-dimanche-a","status":"publish","type":"post","link":"https:\/\/levangilealecran.com\/?p=1180","title":{"rendered":"4e dimanche &#8211; A"},"content":{"rendered":"<p>\u00ab Heureux les pauvres de c\u0153ur,<br \/>\ncar le royaume des Cieux est \u00e0 eux.<br \/>\nHeureux ceux qui pleurent,<br \/>\ncar ils seront consol\u00e9s. \u00bb (Matthieu 5,4)<\/p>\n<p><strong>&gt; Dans le sermon sur la montagne, la puissance des mots de J\u00e9sus r\u00e9sonne. Vibre. Fait \u00e9cho. Les pauvres et les afflig\u00e9s d\u00e9butent la liste des b\u00e9atitudes. Les derniers seront les premiers, c\u2019est l\u2019Evangile. Simple, direct, le vocabulaire de J\u00e9sus nous rejoint dans notre v\u00e9cu et nous touche ainsi au plus profond de notre humanit\u00e9.<\/strong><\/p>\n<p><strong>Cette semaine, simplement, au plus profond de notre humanit\u00e9, nous nous\u00a0proposons nous\u00a0aussi d\u2019avoir un mot ou un geste de consolation pour une personne qui, autour de nous, pleure. Un mot ou geste \u00e0 un \u00ab pauvre de c\u0153ur \u00bb pour lui montrer que le royaume des Cieux est aussi \u00e0 lui.<\/strong><\/p>\n<p><strong>Et si cette semaine, nous\u00a0faisions n\u00f4tres\u00a0les paroles puissantes du Christ qui peuvent, nous\u00a0aussi, nous\u00a0mettre en route ? Allons, le Royaume commence par chacune, chacun de nous. En toute simplicit\u00e9 et en toute humanit\u00e9.<\/strong><\/p>\n","protected":false},"excerpt":{"rendered":"<p>\u00ab Heureux les pauvres de c\u0153ur, car le royaume des Cieux est \u00e0 eux. Heureux ceux qui pleurent, car ils seront consol\u00e9s. \u00bb (Matthieu 5,4) &gt; Dans le sermon sur la montagne, la puissance des mots de J\u00e9sus r\u00e9sonne. Vibre. Fait \u00e9cho. Les pauvres et les afflig\u00e9s d\u00e9butent la liste des b\u00e9atitudes. Les derniers seront les premiers, c\u2019est l\u2019Evangile. Simple, direct, le vocabulaire de J\u00e9sus nous rejoint dans notre v\u00e9cu et nous touche ainsi au plus profond de notre humanit\u00e9. Cette semaine, simplement, au plus profond de notre humanit\u00e9, nous nous\u00a0proposons nous\u00a0aussi d\u2019avoir un mot ou un geste de consolation pour une personne qui, autour de nous, pleure. Un mot \u2026 <a class=\"continue-reading-link\" href=\"https:\/\/levangilealecran.com\/?p=1180\"> Continue reading <span class=\"meta-nav\">&rarr; <\/span><\/a><\/p>\n","protected":false},"author":1,"featured_media":0,"comment_status":"open","ping_status":"open","sticky":false,"template":"","format":"standard","meta":{"footnotes":""},"categories":[4,8],"tags":[455,454,568,433,175],"class_list":["post-1180","post","type-post","status-publish","format-standard","hentry","category-dimanche","category-matthieu","tag-b-attitudes","tag-beatitudes","tag-consolation","tag-matthieu","tag-royaume"],"_links":{"self":[{"href":"https:\/\/levangilealecran.com\/index.php?rest_route=\/wp\/v2\/posts\/1180","targetHints":{"allow":["GET"]}}],"collection":[{"href":"https:\/\/levangilealecran.com\/index.php?rest_route=\/wp\/v2\/posts"}],"about":[{"href":"https:\/\/levangilealecran.com\/index.php?rest_route=\/wp\/v2\/types\/post"}],"author":[{"embeddable":true,"href":"https:\/\/levangilealecran.com\/index.php?rest_route=\/wp\/v2\/users\/1"}],"replies":[{"embeddable":true,"href":"https:\/\/levangilealecran.com\/index.php?rest_route=%2Fwp%2Fv2%2Fcomments&post=1180"}],"version-history":[{"count":1,"href":"https:\/\/levangilealecran.com\/index.php?rest_route=\/wp\/v2\/posts\/1180\/revisions"}],"predecessor-version":[{"id":1181,"href":"https:\/\/levangilealecran.com\/index.php?rest_route=\/wp\/v2\/posts\/1180\/revisions\/1181"}],"wp:attachment":[{"href":"https:\/\/levangilealecran.com\/index.php?rest_route=%2Fwp%2Fv2%2Fmedia&parent=1180"}],"wp:term":[{"taxonomy":"category","embeddable":true,"href":"https:\/\/levangilealecran.com\/index.php?rest_route=%2Fwp%2Fv2%2Fcategories&post=1180"},{"taxonomy":"post_tag","embeddable":true,"href":"https:\/\/levangilealecran.com\/index.php?rest_route=%2Fwp%2Fv2%2Ftags&post=1180"}],"curies":[{"name":"wp","href":"https:\/\/api.w.org\/{rel}","templated":true}]}}