{"id":1165,"date":"2016-12-23T10:52:32","date_gmt":"2016-12-23T09:52:32","guid":{"rendered":"http:\/\/levangilealecran.com?p=1165"},"modified":"2016-12-23T10:52:32","modified_gmt":"2016-12-23T09:52:32","slug":"4e-dimanche-de-lavent-a","status":"publish","type":"post","link":"https:\/\/levangilealecran.com\/?p=1165","title":{"rendered":"4e dimanche de l&rsquo;Avent &#8211; A"},"content":{"rendered":"<p>\u00ab\u00a0Joseph, son \u00e9poux,<br \/>\nqui \u00e9tait un homme juste,<br \/>\net ne voulait pas la d\u00e9noncer publiquement,<br \/>\nd\u00e9cida de la renvoyer en secret.\u00a0\u00bb (Mt 1,19)<\/p>\n<p><strong>&gt; Parfois, nos paroles vont bien plus loin que notre pens\u00e9e. Bien trop loin. Que se serait-il pass\u00e9 si Joseph avait laiss\u00e9 aller sa l\u00e9gitime tristesse en paroles ? Il aurait tout simplement barr\u00e9 la route aux plans de Dieu.<\/strong><\/p>\n<p><strong>Dieu veut le meilleur pour nous, mais c&rsquo;est parfois nous qui cassons tout par un mot trop vite dit.<\/strong><\/p>\n<p><strong>Ici, Joseph d\u00e9cide de garder cela dans son coeur (\u00e7a rappelle vaguement quelqu&rsquo;un, non ?). L&rsquo;Evang\u00e9liste Matthieu le qualifie, du coup, d&rsquo;homme juste.<\/strong><\/p>\n<p><strong>Et si nous, aussi, nous d\u00e9cidions de garder dans notre coeur ce que l&rsquo;on sortirait un peu vite sous le coup de la col\u00e8re ?<\/strong><\/p>\n","protected":false},"excerpt":{"rendered":"<p>\u00ab\u00a0Joseph, son \u00e9poux, qui \u00e9tait un homme juste, et ne voulait pas la d\u00e9noncer publiquement, d\u00e9cida de la renvoyer en secret.\u00a0\u00bb (Mt 1,19) &gt; Parfois, nos paroles vont bien plus loin que notre pens\u00e9e. Bien trop loin. Que se serait-il pass\u00e9 si Joseph avait laiss\u00e9 aller sa l\u00e9gitime tristesse en paroles ? Il aurait tout simplement barr\u00e9 la route aux plans de Dieu. Dieu veut le meilleur pour nous, mais c&rsquo;est parfois nous qui cassons tout par un mot trop vite dit. Ici, Joseph d\u00e9cide de garder cela dans son coeur (\u00e7a rappelle vaguement quelqu&rsquo;un, non ?). L&rsquo;Evang\u00e9liste Matthieu le qualifie, du coup, d&rsquo;homme juste. Et si nous, aussi, nous \u2026 <a class=\"continue-reading-link\" href=\"https:\/\/levangilealecran.com\/?p=1165\"> Continue reading <span class=\"meta-nav\">&rarr; <\/span><\/a><\/p>\n","protected":false},"author":1,"featured_media":0,"comment_status":"open","ping_status":"open","sticky":false,"template":"","format":"standard","meta":{"footnotes":""},"categories":[147,8],"tags":[18,562,433,561,560],"class_list":["post-1165","post","type-post","status-publish","format-standard","hentry","category-avent-2","category-matthieu","tag-avent","tag-contenance","tag-matthieu","tag-paroles","tag-pensees"],"_links":{"self":[{"href":"https:\/\/levangilealecran.com\/index.php?rest_route=\/wp\/v2\/posts\/1165","targetHints":{"allow":["GET"]}}],"collection":[{"href":"https:\/\/levangilealecran.com\/index.php?rest_route=\/wp\/v2\/posts"}],"about":[{"href":"https:\/\/levangilealecran.com\/index.php?rest_route=\/wp\/v2\/types\/post"}],"author":[{"embeddable":true,"href":"https:\/\/levangilealecran.com\/index.php?rest_route=\/wp\/v2\/users\/1"}],"replies":[{"embeddable":true,"href":"https:\/\/levangilealecran.com\/index.php?rest_route=%2Fwp%2Fv2%2Fcomments&post=1165"}],"version-history":[{"count":1,"href":"https:\/\/levangilealecran.com\/index.php?rest_route=\/wp\/v2\/posts\/1165\/revisions"}],"predecessor-version":[{"id":1166,"href":"https:\/\/levangilealecran.com\/index.php?rest_route=\/wp\/v2\/posts\/1165\/revisions\/1166"}],"wp:attachment":[{"href":"https:\/\/levangilealecran.com\/index.php?rest_route=%2Fwp%2Fv2%2Fmedia&parent=1165"}],"wp:term":[{"taxonomy":"category","embeddable":true,"href":"https:\/\/levangilealecran.com\/index.php?rest_route=%2Fwp%2Fv2%2Fcategories&post=1165"},{"taxonomy":"post_tag","embeddable":true,"href":"https:\/\/levangilealecran.com\/index.php?rest_route=%2Fwp%2Fv2%2Ftags&post=1165"}],"curies":[{"name":"wp","href":"https:\/\/api.w.org\/{rel}","templated":true}]}}