{"id":1162,"date":"2016-12-09T20:59:58","date_gmt":"2016-12-09T19:59:58","guid":{"rendered":"http:\/\/levangilealecran.com?p=1162"},"modified":"2016-12-09T20:59:58","modified_gmt":"2016-12-09T19:59:58","slug":"3e-dimanche-de-lavent-a","status":"publish","type":"post","link":"https:\/\/levangilealecran.com\/?p=1162","title":{"rendered":"3e dimanche de l&rsquo;Avent &#8211; A"},"content":{"rendered":"<p style=\"text-align: left;\">J\u00e9sus leur r\u00e9pondit : \u00ab\u00a0Allez rapporter \u00e0 Jean ce que vous entendez et voyez\u00a0\u00bb Matthieu 11, 4<\/p>\n<p style=\"text-align: left;\"><strong>&gt; Jean est pris par le doute. Cela fait de nombreux mois qu&rsquo;il est en prison et il ne connait des \u0153uvres de J\u00e9sus que ce qu&rsquo;il a entendu de la part de ses propres disciples. Il a besoin d&rsquo;\u00eatre rassur\u00e9, de sentir qu&rsquo;il se passe quelque chose qui d\u00e9passe l\u2019entendement humain.<\/strong><\/p>\n<p style=\"text-align: left;\"><strong>Souvent dans les grands temps de l&rsquo;ann\u00e9e, \u00e0 l&rsquo;approche de nos diff\u00e9rentes f\u00eates, nous nous retrouvons face \u00e0 notre foi. Un doute peut s&#8217;emparer de nous et nous questionner sur Dieu (s&rsquo;ensuivant toutes les questions habituelles !). <\/strong><\/p>\n<p style=\"text-align: left;\">\n<strong>Cette r\u00e9ponse de J\u00e9sus doit nous toucher aujourd&rsquo;hui car les \u00e9vang\u00e9listes \u00e0 travers les \u00c9critures nous ont rapport\u00e9 ce qu&rsquo;ils ont entendu et vu !<\/strong><\/p>\n<p style=\"text-align: left;\"><strong>Prenons donc le temps dans cet Avent de nous rapprocher des \u00e9vangiles et de les red\u00e9couvrir chaque jour.<\/strong><\/p>\n","protected":false},"excerpt":{"rendered":"<p>J\u00e9sus leur r\u00e9pondit : \u00ab\u00a0Allez rapporter \u00e0 Jean ce que vous entendez et voyez\u00a0\u00bb Matthieu 11, 4 &gt; Jean est pris par le doute. Cela fait de nombreux mois qu&rsquo;il est en prison et il ne connait des \u0153uvres de J\u00e9sus que ce qu&rsquo;il a entendu de la part de ses propres disciples. Il a besoin d&rsquo;\u00eatre rassur\u00e9, de sentir qu&rsquo;il se passe quelque chose qui d\u00e9passe l\u2019entendement humain. Souvent dans les grands temps de l&rsquo;ann\u00e9e, \u00e0 l&rsquo;approche de nos diff\u00e9rentes f\u00eates, nous nous retrouvons face \u00e0 notre foi. Un doute peut s&#8217;emparer de nous et nous questionner sur Dieu (s&rsquo;ensuivant toutes les questions habituelles !). Cette r\u00e9ponse de J\u00e9sus \u2026 <a class=\"continue-reading-link\" href=\"https:\/\/levangilealecran.com\/?p=1162\"> Continue reading <span class=\"meta-nav\">&rarr; <\/span><\/a><\/p>\n","protected":false},"author":1,"featured_media":0,"comment_status":"open","ping_status":"open","sticky":false,"template":"","format":"standard","meta":{"footnotes":""},"categories":[147,8],"tags":[18,559,558,433,184],"class_list":["post-1162","post","type-post","status-publish","format-standard","hentry","category-avent-2","category-matthieu","tag-avent","tag-doutes","tag-evangiles","tag-matthieu","tag-questions"],"_links":{"self":[{"href":"https:\/\/levangilealecran.com\/index.php?rest_route=\/wp\/v2\/posts\/1162","targetHints":{"allow":["GET"]}}],"collection":[{"href":"https:\/\/levangilealecran.com\/index.php?rest_route=\/wp\/v2\/posts"}],"about":[{"href":"https:\/\/levangilealecran.com\/index.php?rest_route=\/wp\/v2\/types\/post"}],"author":[{"embeddable":true,"href":"https:\/\/levangilealecran.com\/index.php?rest_route=\/wp\/v2\/users\/1"}],"replies":[{"embeddable":true,"href":"https:\/\/levangilealecran.com\/index.php?rest_route=%2Fwp%2Fv2%2Fcomments&post=1162"}],"version-history":[{"count":1,"href":"https:\/\/levangilealecran.com\/index.php?rest_route=\/wp\/v2\/posts\/1162\/revisions"}],"predecessor-version":[{"id":1163,"href":"https:\/\/levangilealecran.com\/index.php?rest_route=\/wp\/v2\/posts\/1162\/revisions\/1163"}],"wp:attachment":[{"href":"https:\/\/levangilealecran.com\/index.php?rest_route=%2Fwp%2Fv2%2Fmedia&parent=1162"}],"wp:term":[{"taxonomy":"category","embeddable":true,"href":"https:\/\/levangilealecran.com\/index.php?rest_route=%2Fwp%2Fv2%2Fcategories&post=1162"},{"taxonomy":"post_tag","embeddable":true,"href":"https:\/\/levangilealecran.com\/index.php?rest_route=%2Fwp%2Fv2%2Ftags&post=1162"}],"curies":[{"name":"wp","href":"https:\/\/api.w.org\/{rel}","templated":true}]}}