{"id":1159,"date":"2016-12-02T23:35:18","date_gmt":"2016-12-02T22:35:18","guid":{"rendered":"http:\/\/levangilealecran.com?p=1159"},"modified":"2016-12-02T23:35:18","modified_gmt":"2016-12-02T22:35:18","slug":"2e-dimanche-de-lavent-a","status":"publish","type":"post","link":"https:\/\/levangilealecran.com\/?p=1159","title":{"rendered":"2e dimanche de l&rsquo;Avent &#8211; A"},"content":{"rendered":"<p style=\"text-align: justify;\">\u00ab Lui, Jean, portait un v\u00eatement de poils de chameau, et une ceinture de cuir autour des reins ; il avait pour nourriture des sauterelles et du miel sauvage. \u00bb (Mt 3, 4)<\/p>\n<p style=\"text-align: justify;\"><strong>&gt; Au d\u00e9but de cet Avent, la figure de Jean-Baptiste vient nous offrir l\u2019image de la pauvret\u00e9 et du d\u00e9nuement. Il s\u2019habille simplement, mange peu\u2026 Cette m\u00eame pauvret\u00e9 et ce m\u00eame d\u00e9nuement se retrouveront dans la cr\u00e8che o\u00f9 J\u00e9sus va na\u00eetre.<\/strong><\/p>\n<p style=\"text-align: justify;\"><strong>L\u2019Avent est un temps de pr\u00e9paration, de marche vers No\u00ebl et de la lente maturation de l\u2019amour. A la suite de Jean-Baptiste nous pouvons nous demander de quoi nous pouvons nous d\u00e9pouiller en attendant la venue de celui qui vient. Qu\u2019est-ce qui encombre notre c\u0153ur et nous emp\u00eache de laisser toute la place \u00e0 celui qui s\u2019est fait pauvre et petit ?<\/strong><\/p>\n","protected":false},"excerpt":{"rendered":"<p>\u00ab Lui, Jean, portait un v\u00eatement de poils de chameau, et une ceinture de cuir autour des reins ; il avait pour nourriture des sauterelles et du miel sauvage. \u00bb (Mt 3, 4) &gt; Au d\u00e9but de cet Avent, la figure de Jean-Baptiste vient nous offrir l\u2019image de la pauvret\u00e9 et du d\u00e9nuement. Il s\u2019habille simplement, mange peu\u2026 Cette m\u00eame pauvret\u00e9 et ce m\u00eame d\u00e9nuement se retrouveront dans la cr\u00e8che o\u00f9 J\u00e9sus va na\u00eetre. L\u2019Avent est un temps de pr\u00e9paration, de marche vers No\u00ebl et de la lente maturation de l\u2019amour. A la suite de Jean-Baptiste nous pouvons nous demander de quoi nous pouvons nous d\u00e9pouiller en attendant la venue \u2026 <a class=\"continue-reading-link\" href=\"https:\/\/levangilealecran.com\/?p=1159\"> Continue reading <span class=\"meta-nav\">&rarr; <\/span><\/a><\/p>\n","protected":false},"author":1,"featured_media":0,"comment_status":"open","ping_status":"open","sticky":false,"template":"","format":"standard","meta":{"footnotes":""},"categories":[147,8],"tags":[18,556,557,169,555],"class_list":["post-1159","post","type-post","status-publish","format-standard","hentry","category-avent-2","category-matthieu","tag-avent","tag-denuement","tag-depouillement","tag-jean-baptiste","tag-pauvrete"],"_links":{"self":[{"href":"https:\/\/levangilealecran.com\/index.php?rest_route=\/wp\/v2\/posts\/1159","targetHints":{"allow":["GET"]}}],"collection":[{"href":"https:\/\/levangilealecran.com\/index.php?rest_route=\/wp\/v2\/posts"}],"about":[{"href":"https:\/\/levangilealecran.com\/index.php?rest_route=\/wp\/v2\/types\/post"}],"author":[{"embeddable":true,"href":"https:\/\/levangilealecran.com\/index.php?rest_route=\/wp\/v2\/users\/1"}],"replies":[{"embeddable":true,"href":"https:\/\/levangilealecran.com\/index.php?rest_route=%2Fwp%2Fv2%2Fcomments&post=1159"}],"version-history":[{"count":1,"href":"https:\/\/levangilealecran.com\/index.php?rest_route=\/wp\/v2\/posts\/1159\/revisions"}],"predecessor-version":[{"id":1160,"href":"https:\/\/levangilealecran.com\/index.php?rest_route=\/wp\/v2\/posts\/1159\/revisions\/1160"}],"wp:attachment":[{"href":"https:\/\/levangilealecran.com\/index.php?rest_route=%2Fwp%2Fv2%2Fmedia&parent=1159"}],"wp:term":[{"taxonomy":"category","embeddable":true,"href":"https:\/\/levangilealecran.com\/index.php?rest_route=%2Fwp%2Fv2%2Fcategories&post=1159"},{"taxonomy":"post_tag","embeddable":true,"href":"https:\/\/levangilealecran.com\/index.php?rest_route=%2Fwp%2Fv2%2Ftags&post=1159"}],"curies":[{"name":"wp","href":"https:\/\/api.w.org\/{rel}","templated":true}]}}