{"id":1157,"date":"2016-11-25T14:10:46","date_gmt":"2016-11-25T13:10:46","guid":{"rendered":"http:\/\/levangilealecran.com?p=1157"},"modified":"2016-11-25T14:10:46","modified_gmt":"2016-11-25T13:10:46","slug":"1er-dimanche-de-lavent-a","status":"publish","type":"post","link":"https:\/\/levangilealecran.com\/?p=1157","title":{"rendered":"1er dimanche de l&rsquo;Avent &#8211; A"},"content":{"rendered":"<p>\u00a0\u00bb Car de m\u00eame qu&rsquo;en ces jours d&rsquo;avant le d\u00e9luge, on mangeait et on buvait, l&rsquo;on se mariait ou l&rsquo;on donnait en mariage, jusqu&rsquo;au jour o\u00f9 No\u00e9 entra dans l&rsquo;arche, et on ne se doutait de rien jusqu&rsquo;\u00e0 ce que v\u00eent le d\u00e9luge, qui les emporta tous. Tel sera aussi l&rsquo;av\u00e8nement du Fils de l&rsquo;homme. \u00a0\u00bb (Mt 24, 38-39)<\/p>\n<p><strong>&gt; L\u2019\u00e9vangile de ce dimanche compare la venue du Fils de l\u2019homme \u00e0 celle du d\u00e9luge du temps de No\u00e9. Deux attitudes semblent s\u2019opposer : d\u2019un c\u00f4t\u00e9 il y a ceux qui mangeait, buvaient, se mariaient avec des verbes tous conjugu\u00e9s \u00e0 l\u2019imparfait, indiquant une certaine dur\u00e9e et de l\u2019autre c\u00f4t\u00e9 il y a No\u00e9 qui entra dans l\u2019arche, avec un verbe au pass\u00e9 simple, marquant un \u00e9v\u00e9nement sortant de l\u2019ordinaire qui brisera la ligne du temps des autres bien \u00e9tablis dans leurs attitudes. Il en va de m\u00eame de la venue du Fils de l\u2019homme.<\/strong><br \/>\n<strong>&gt; Ce dimanche marque l\u2019entr\u00e9e dans le temps de l\u2019avent. Comme chaque ann\u00e9e on se pr\u00e9pare \u00e0 la venue de l\u2019enfant J\u00e9sus. \u00c7a en devient une habitude\u2026 Mais justement, la venue du Christ il y a 2000 ans a fait exploser les habitudes des gens qui l\u2019ont rencontr\u00e9. Et ce temps de l\u2019avent nous rappelle que cette venue est appel\u00e9e \u00e0 changer nos vies. C\u2019est ainsi un temps propice pour d\u00e9poussi\u00e9rer un peu nos vies de chr\u00e9tiens.<\/strong><\/p>\n<p><strong>&gt; Nous nous proposons pour cette premi\u00e8re semaine de l\u2019Avent de r\u00e9fl\u00e9chir \u00e0 ce que change pour nous\u00a0la venue du Christ. Pourquoi est-ce que notre\u00a0vie ne sera plus jamais comme avant suite \u00e0 notre\u00a0rencontre avec le Christ? Une invitation \u00e0 sortir de nos habitudes et \u00e0 redonner sens \u00e0 notre foi, nos actions.<\/strong><\/p>\n","protected":false},"excerpt":{"rendered":"<p>\u00a0\u00bb Car de m\u00eame qu&rsquo;en ces jours d&rsquo;avant le d\u00e9luge, on mangeait et on buvait, l&rsquo;on se mariait ou l&rsquo;on donnait en mariage, jusqu&rsquo;au jour o\u00f9 No\u00e9 entra dans l&rsquo;arche, et on ne se doutait de rien jusqu&rsquo;\u00e0 ce que v\u00eent le d\u00e9luge, qui les emporta tous. Tel sera aussi l&rsquo;av\u00e8nement du Fils de l&rsquo;homme. \u00a0\u00bb (Mt 24, 38-39) &gt; L\u2019\u00e9vangile de ce dimanche compare la venue du Fils de l\u2019homme \u00e0 celle du d\u00e9luge du temps de No\u00e9. Deux attitudes semblent s\u2019opposer : d\u2019un c\u00f4t\u00e9 il y a ceux qui mangeait, buvaient, se mariaient avec des verbes tous conjugu\u00e9s \u00e0 l\u2019imparfait, indiquant une certaine dur\u00e9e et de l\u2019autre c\u00f4t\u00e9 \u2026 <a class=\"continue-reading-link\" href=\"https:\/\/levangilealecran.com\/?p=1157\"> Continue reading <span class=\"meta-nav\">&rarr; <\/span><\/a><\/p>\n","protected":false},"author":1,"featured_media":0,"comment_status":"open","ping_status":"open","sticky":false,"template":"","format":"standard","meta":{"footnotes":""},"categories":[4,8],"tags":[18,554,553,41],"class_list":["post-1157","post","type-post","status-publish","format-standard","hentry","category-dimanche","category-matthieu","tag-avent","tag-changement","tag-habitudes","tag-rencontre"],"_links":{"self":[{"href":"https:\/\/levangilealecran.com\/index.php?rest_route=\/wp\/v2\/posts\/1157","targetHints":{"allow":["GET"]}}],"collection":[{"href":"https:\/\/levangilealecran.com\/index.php?rest_route=\/wp\/v2\/posts"}],"about":[{"href":"https:\/\/levangilealecran.com\/index.php?rest_route=\/wp\/v2\/types\/post"}],"author":[{"embeddable":true,"href":"https:\/\/levangilealecran.com\/index.php?rest_route=\/wp\/v2\/users\/1"}],"replies":[{"embeddable":true,"href":"https:\/\/levangilealecran.com\/index.php?rest_route=%2Fwp%2Fv2%2Fcomments&post=1157"}],"version-history":[{"count":1,"href":"https:\/\/levangilealecran.com\/index.php?rest_route=\/wp\/v2\/posts\/1157\/revisions"}],"predecessor-version":[{"id":1158,"href":"https:\/\/levangilealecran.com\/index.php?rest_route=\/wp\/v2\/posts\/1157\/revisions\/1158"}],"wp:attachment":[{"href":"https:\/\/levangilealecran.com\/index.php?rest_route=%2Fwp%2Fv2%2Fmedia&parent=1157"}],"wp:term":[{"taxonomy":"category","embeddable":true,"href":"https:\/\/levangilealecran.com\/index.php?rest_route=%2Fwp%2Fv2%2Fcategories&post=1157"},{"taxonomy":"post_tag","embeddable":true,"href":"https:\/\/levangilealecran.com\/index.php?rest_route=%2Fwp%2Fv2%2Ftags&post=1157"}],"curies":[{"name":"wp","href":"https:\/\/api.w.org\/{rel}","templated":true}]}}