{"id":1141,"date":"2016-10-21T10:49:26","date_gmt":"2016-10-21T08:49:26","guid":{"rendered":"http:\/\/levangilealecran.com?p=1141"},"modified":"2016-10-21T10:49:34","modified_gmt":"2016-10-21T08:49:34","slug":"30e-dimanche-c-2","status":"publish","type":"post","link":"https:\/\/levangilealecran.com\/?p=1141","title":{"rendered":"30e dimanche &#8211; C"},"content":{"rendered":"<p style=\"text-align: justify;\">\u00ab Le publicain, lui, se tenait \u00e0 distance et n&rsquo;osait m\u00eame pas lever les yeux vers le ciel ; mais il se frappait la poitrine, en disant : \u00ab\u00a0Mon Dieu, montre-moi favorable au p\u00e9cheur que je suis !\u00a0\u00bb \u00bb Luc 18, 13<\/p>\n<p style=\"text-align: justify;\"><strong>&gt; Ce passage de Luc ne cherche pas \u00e0 nous d\u00e9valuer ou \u00e0 nous inciter \u00e0 garder la face contre terre. J\u00e9sus nous parle plut\u00f4t d&rsquo;un homme qui se fait petit dans la pri\u00e8re, un homme qui ose proposer \u00e0 Dieu la mis\u00e8re de son\u00a0c\u0153ur\u00a0pour qu&rsquo;il puisse venir la transformer. Par son cri, il s&rsquo;ouvre tout entier et se rend capable d&rsquo;accueillir l&rsquo;amour du P\u00e8re et de se laisser p\u00e9trir par son souffle.<\/strong><\/p>\n<p style=\"text-align: justify;\"><strong>Cette semaine, n&rsquo;ayons pas peur de nos f\u00ealures, qu&rsquo;elles deviennent source de notre\u00a0pri\u00e8re et soient autant d&rsquo;occasion de demander \u00e0 Dieu son aide !<\/strong><\/p>\n","protected":false},"excerpt":{"rendered":"<p>\u00ab Le publicain, lui, se tenait \u00e0 distance et n&rsquo;osait m\u00eame pas lever les yeux vers le ciel ; mais il se frappait la poitrine, en disant : \u00ab\u00a0Mon Dieu, montre-moi favorable au p\u00e9cheur que je suis !\u00a0\u00bb \u00bb Luc 18, 13 &gt; Ce passage de Luc ne cherche pas \u00e0 nous d\u00e9valuer ou \u00e0 nous inciter \u00e0 garder la face contre terre. J\u00e9sus nous parle plut\u00f4t d&rsquo;un homme qui se fait petit dans la pri\u00e8re, un homme qui ose proposer \u00e0 Dieu la mis\u00e8re de son\u00a0c\u0153ur\u00a0pour qu&rsquo;il puisse venir la transformer. Par son cri, il s&rsquo;ouvre tout entier et se rend capable d&rsquo;accueillir l&rsquo;amour du P\u00e8re et de se \u2026 <a class=\"continue-reading-link\" href=\"https:\/\/levangilealecran.com\/?p=1141\"> Continue reading <span class=\"meta-nav\">&rarr; <\/span><\/a><\/p>\n","protected":false},"author":1,"featured_media":0,"comment_status":"open","ping_status":"open","sticky":false,"template":"","format":"standard","meta":{"footnotes":""},"categories":[4,6],"tags":[69,124,431,31],"class_list":["post-1141","post","type-post","status-publish","format-standard","hentry","category-dimanche","category-luc","tag-fragilites","tag-humilite","tag-luc","tag-priere"],"_links":{"self":[{"href":"https:\/\/levangilealecran.com\/index.php?rest_route=\/wp\/v2\/posts\/1141","targetHints":{"allow":["GET"]}}],"collection":[{"href":"https:\/\/levangilealecran.com\/index.php?rest_route=\/wp\/v2\/posts"}],"about":[{"href":"https:\/\/levangilealecran.com\/index.php?rest_route=\/wp\/v2\/types\/post"}],"author":[{"embeddable":true,"href":"https:\/\/levangilealecran.com\/index.php?rest_route=\/wp\/v2\/users\/1"}],"replies":[{"embeddable":true,"href":"https:\/\/levangilealecran.com\/index.php?rest_route=%2Fwp%2Fv2%2Fcomments&post=1141"}],"version-history":[{"count":1,"href":"https:\/\/levangilealecran.com\/index.php?rest_route=\/wp\/v2\/posts\/1141\/revisions"}],"predecessor-version":[{"id":1142,"href":"https:\/\/levangilealecran.com\/index.php?rest_route=\/wp\/v2\/posts\/1141\/revisions\/1142"}],"wp:attachment":[{"href":"https:\/\/levangilealecran.com\/index.php?rest_route=%2Fwp%2Fv2%2Fmedia&parent=1141"}],"wp:term":[{"taxonomy":"category","embeddable":true,"href":"https:\/\/levangilealecran.com\/index.php?rest_route=%2Fwp%2Fv2%2Fcategories&post=1141"},{"taxonomy":"post_tag","embeddable":true,"href":"https:\/\/levangilealecran.com\/index.php?rest_route=%2Fwp%2Fv2%2Ftags&post=1141"}],"curies":[{"name":"wp","href":"https:\/\/api.w.org\/{rel}","templated":true}]}}