{"id":1139,"date":"2016-10-15T15:40:37","date_gmt":"2016-10-15T13:40:37","guid":{"rendered":"http:\/\/levangilealecran.com?p=1139"},"modified":"2016-10-15T15:40:37","modified_gmt":"2016-10-15T13:40:37","slug":"29e-dimanche-c-2","status":"publish","type":"post","link":"https:\/\/levangilealecran.com\/?p=1139","title":{"rendered":"29e dimanche &#8211; C"},"content":{"rendered":"<p style=\"text-align: justify;\">\u00ab\u00a0Je vous le d\u00e9clare: il (Dieu) leur fera justice bien vite. Mais le Fils de l&rsquo;homme, quand il viendra, trouvera-t-il la foi sur la terre ?\u00a0\u00bb (Lc 18, 8)<\/p>\n<p style=\"text-align: justify;\"><strong>&gt; Ce verset conclut l\u2019histoire de la veuve qui obtient du juge la justice, \u00e0 force d\u2019insister longuement aupr\u00e8s de lui. Et il est dit que Dieu, contrairement au juge, fera justice bien vite. Quel contraste entre le juge qui n\u2019exauce la demande de la veuve que pour qu\u2019elle cesse de lui casser les pieds et Dieu qui s\u2019empresse de prendre soin de ceux qui crient vers lui. C\u2019est une belle invitation \u00e0 oser prier. Et prier, ce n\u2019est pas seulement demander, c\u2019est surtout entrer en relation avec Dieu, entrer en dialogue. Ainsi la relation tiss\u00e9e peut \u00eatre source de r\u00e9confort et aider \u00e0 tenir bon.<\/strong><\/p>\n<p style=\"text-align: justify;\"><strong>Ce verset fini par une question : le Fils de l\u2019homme trouvera-t-il la foi sur la terre quand il viendra? Ainsi la pri\u00e8re n\u2019est pas unidirectionnelle, mais elle est bien un \u00e9change qui va dans les deux sens. Pri\u00e8re et foi sont li\u00e9es et se nourrissent l\u2019une l\u2019autre.<\/strong><\/p>\n<p style=\"text-align: justify;\"><strong>&gt; Nous sommes donc\u00a0invit\u00e9s cette semaine \u00e0 oser la pri\u00e8re. A oser parler de tout avec Dieu et vivre la confiance d\u2019\u00eatre entendus au c\u0153ur de cet \u00e9change.<\/strong><\/p>\n","protected":false},"excerpt":{"rendered":"<p>\u00ab\u00a0Je vous le d\u00e9clare: il (Dieu) leur fera justice bien vite. Mais le Fils de l&rsquo;homme, quand il viendra, trouvera-t-il la foi sur la terre ?\u00a0\u00bb (Lc 18, 8) &gt; Ce verset conclut l\u2019histoire de la veuve qui obtient du juge la justice, \u00e0 force d\u2019insister longuement aupr\u00e8s de lui. Et il est dit que Dieu, contrairement au juge, fera justice bien vite. Quel contraste entre le juge qui n\u2019exauce la demande de la veuve que pour qu\u2019elle cesse de lui casser les pieds et Dieu qui s\u2019empresse de prendre soin de ceux qui crient vers lui. C\u2019est une belle invitation \u00e0 oser prier. Et prier, ce n\u2019est pas seulement \u2026 <a class=\"continue-reading-link\" href=\"https:\/\/levangilealecran.com\/?p=1139\"> Continue reading <span class=\"meta-nav\">&rarr; <\/span><\/a><\/p>\n","protected":false},"author":1,"featured_media":0,"comment_status":"open","ping_status":"open","sticky":false,"template":"","format":"standard","meta":{"footnotes":""},"categories":[4,6],"tags":[481,133,431,31],"class_list":["post-1139","post","type-post","status-publish","format-standard","hentry","category-dimanche","category-luc","tag-audace","tag-dialogue","tag-luc","tag-priere"],"_links":{"self":[{"href":"https:\/\/levangilealecran.com\/index.php?rest_route=\/wp\/v2\/posts\/1139","targetHints":{"allow":["GET"]}}],"collection":[{"href":"https:\/\/levangilealecran.com\/index.php?rest_route=\/wp\/v2\/posts"}],"about":[{"href":"https:\/\/levangilealecran.com\/index.php?rest_route=\/wp\/v2\/types\/post"}],"author":[{"embeddable":true,"href":"https:\/\/levangilealecran.com\/index.php?rest_route=\/wp\/v2\/users\/1"}],"replies":[{"embeddable":true,"href":"https:\/\/levangilealecran.com\/index.php?rest_route=%2Fwp%2Fv2%2Fcomments&post=1139"}],"version-history":[{"count":1,"href":"https:\/\/levangilealecran.com\/index.php?rest_route=\/wp\/v2\/posts\/1139\/revisions"}],"predecessor-version":[{"id":1140,"href":"https:\/\/levangilealecran.com\/index.php?rest_route=\/wp\/v2\/posts\/1139\/revisions\/1140"}],"wp:attachment":[{"href":"https:\/\/levangilealecran.com\/index.php?rest_route=%2Fwp%2Fv2%2Fmedia&parent=1139"}],"wp:term":[{"taxonomy":"category","embeddable":true,"href":"https:\/\/levangilealecran.com\/index.php?rest_route=%2Fwp%2Fv2%2Fcategories&post=1139"},{"taxonomy":"post_tag","embeddable":true,"href":"https:\/\/levangilealecran.com\/index.php?rest_route=%2Fwp%2Fv2%2Ftags&post=1139"}],"curies":[{"name":"wp","href":"https:\/\/api.w.org\/{rel}","templated":true}]}}