{"id":1133,"date":"2016-10-07T10:11:42","date_gmt":"2016-10-07T08:11:42","guid":{"rendered":"http:\/\/levangilealecran.com?p=1133"},"modified":"2016-10-07T18:41:08","modified_gmt":"2016-10-07T16:41:08","slug":"28e-dimanche-c-2","status":"publish","type":"post","link":"https:\/\/levangilealecran.com\/?p=1133","title":{"rendered":"28e dimanche &#8211; C"},"content":{"rendered":"<p style=\"text-align: justify;\">\u00ab Il ne s\u2019est trouv\u00e9 parmi eux que cet \u00e9tranger pour revenir sur ses pas et rendre gloire \u00e0 Dieu ! \u00bb \u2013 Lc 17,18<\/p>\n<p style=\"text-align: justify;\"><strong>&gt; \u00ab Merci \u00bb, c\u2019est un tout petit mot qu\u2019on apprend \u00e0 dire aux enfants d\u00e8s qu\u2019ils commencent \u00e0 parler\u2026 Un tout petit mot qu\u2019ils ont bizarrement du mal \u00e0 prononcer spontan\u00e9ment. Et ce ne sont pas les seuls ! La reconnaissance, de nos jours, n\u2019est pas la qualit\u00e9 premi\u00e8re de nos contemporains, notamment dans le monde du travail. Dire \u00ab merci \u00bb \u00e0 un collaborateur ou \u00e0 un subordonn\u00e9, ou m\u00eame \u00e0 son patron, c\u2019est plut\u00f4t rare, et comme on dit, ce qui est rare est cher !<\/strong><\/p>\n<p style=\"text-align: justify;\"><strong>J\u00e9sus le fait remarquer ici, dans cette histoire de gu\u00e9rison pourtant demand\u00e9e dans la foi (ils appellent J\u00e9sus \u00ab Ma\u00eetre \u00bb) par ces l\u00e9preux dont la maladie impliquait la mise au ban de la soci\u00e9t\u00e9. Sur les dix, un seul revient sur ses pas pour aller remercier J\u00e9sus ! Pas l\u2019un des plus pieux, non, mais un \u00e9tranger, un Samaritain, dont l\u2019origine suffisait d\u00e9j\u00e0 \u00e0 le mettre \u00e0 part. Demander une faveur, c\u2019est facile. Dire \u00ab s\u2019il te pla\u00eet \u00bb, un peu moins. Mais dire \u00ab merci \u00bb rel\u00e8ve du d\u00e9fi, semble-t-il\u2026 Le Samaritain, par sa foi et son authentique conversion (il s\u2019est retourn\u00e9, il a donc d\u00fb \u00ab tourner son regard \u00bb, changer de perspective), a trouv\u00e9 n\u00e9cessaire d\u2019aller dire sa gratitude \u00e0 celui qui l\u2019avait gu\u00e9ri, reconnaissant en lui le Messie. C\u2019est n\u2019est qu\u2019\u00e0 lui que J\u00e9sus dit finalement \u00ab ta foi t\u2019a sauv\u00e9. \u00bb<\/strong><\/p>\n<p style=\"text-align: justify;\"><strong>Et si nous allions dire merci \u00e0 quelqu\u2019un dont nous\u00a0ne nous\u00a0sentons pas plus proche que \u00e7a mais qui, quelque part, nous\u00a0apporte quelque chose de plus grand qu\u2019une pr\u00e9sence, un service ou une n\u00e9cessit\u00e9 ? Chaque jour peut \u00eatre une occasion de dire \u00e0 quelqu\u2019un notre\u00a0reconnaissance pour ce qu\u2019il est ou fait de mani\u00e8re profonde et authentique. Et si c\u2019\u00e9tait l\u00e0 un petit signe de Dieu ?!&#8230;<\/strong><\/p>\n","protected":false},"excerpt":{"rendered":"<p>\u00ab Il ne s\u2019est trouv\u00e9 parmi eux que cet \u00e9tranger pour revenir sur ses pas et rendre gloire \u00e0 Dieu ! \u00bb \u2013 Lc 17,18 &gt; \u00ab Merci \u00bb, c\u2019est un tout petit mot qu\u2019on apprend \u00e0 dire aux enfants d\u00e8s qu\u2019ils commencent \u00e0 parler\u2026 Un tout petit mot qu\u2019ils ont bizarrement du mal \u00e0 prononcer spontan\u00e9ment. Et ce ne sont pas les seuls ! La reconnaissance, de nos jours, n\u2019est pas la qualit\u00e9 premi\u00e8re de nos contemporains, notamment dans le monde du travail. Dire \u00ab merci \u00bb \u00e0 un collaborateur ou \u00e0 un subordonn\u00e9, ou m\u00eame \u00e0 son patron, c\u2019est plut\u00f4t rare, et comme on dit, ce qui est \u2026 <a class=\"continue-reading-link\" href=\"https:\/\/levangilealecran.com\/?p=1133\"> Continue reading <span class=\"meta-nav\">&rarr; <\/span><\/a><\/p>\n","protected":false},"author":1,"featured_media":0,"comment_status":"open","ping_status":"open","sticky":false,"template":"","format":"standard","meta":{"footnotes":""},"categories":[4,6],"tags":[431,131,218,166],"class_list":["post-1133","post","type-post","status-publish","format-standard","hentry","category-dimanche","category-luc","tag-luc","tag-merci","tag-reconnaissance","tag-simplicite"],"_links":{"self":[{"href":"https:\/\/levangilealecran.com\/index.php?rest_route=\/wp\/v2\/posts\/1133","targetHints":{"allow":["GET"]}}],"collection":[{"href":"https:\/\/levangilealecran.com\/index.php?rest_route=\/wp\/v2\/posts"}],"about":[{"href":"https:\/\/levangilealecran.com\/index.php?rest_route=\/wp\/v2\/types\/post"}],"author":[{"embeddable":true,"href":"https:\/\/levangilealecran.com\/index.php?rest_route=\/wp\/v2\/users\/1"}],"replies":[{"embeddable":true,"href":"https:\/\/levangilealecran.com\/index.php?rest_route=%2Fwp%2Fv2%2Fcomments&post=1133"}],"version-history":[{"count":3,"href":"https:\/\/levangilealecran.com\/index.php?rest_route=\/wp\/v2\/posts\/1133\/revisions"}],"predecessor-version":[{"id":1137,"href":"https:\/\/levangilealecran.com\/index.php?rest_route=\/wp\/v2\/posts\/1133\/revisions\/1137"}],"wp:attachment":[{"href":"https:\/\/levangilealecran.com\/index.php?rest_route=%2Fwp%2Fv2%2Fmedia&parent=1133"}],"wp:term":[{"taxonomy":"category","embeddable":true,"href":"https:\/\/levangilealecran.com\/index.php?rest_route=%2Fwp%2Fv2%2Fcategories&post=1133"},{"taxonomy":"post_tag","embeddable":true,"href":"https:\/\/levangilealecran.com\/index.php?rest_route=%2Fwp%2Fv2%2Ftags&post=1133"}],"curies":[{"name":"wp","href":"https:\/\/api.w.org\/{rel}","templated":true}]}}