{"id":1131,"date":"2016-09-30T12:02:12","date_gmt":"2016-09-30T10:02:12","guid":{"rendered":"http:\/\/levangilealecran.com?p=1131"},"modified":"2016-09-30T12:02:12","modified_gmt":"2016-09-30T10:02:12","slug":"27e-dimanche-c-2","status":"publish","type":"post","link":"https:\/\/levangilealecran.com\/?p=1131","title":{"rendered":"27e dimanche &#8211; C"},"content":{"rendered":"<p style=\"text-align: justify;\">En ce temps-l\u00e0, les Ap\u00f4tres dirent au Seigneur : \u00ab Augmente en nous la foi ! \u00bb Le Seigneur r\u00e9pondit : \u00ab Si vous aviez de la foi, gros comme une graine de moutarde, vous auriez dit \u00e0 l\u2019arbre que voici : \u2018D\u00e9racine-toi et va te planter dans la mer\u2019, et il vous aurait ob\u00e9i. \u00bb (Luc 17, 5-6)<\/p>\n<p style=\"text-align: justify;\"><strong>&gt; Bien souvent, nous avons l\u2019impression que nous croyons seulement un peu. Voire pas du tout, \u00e7a d\u00e9pend des jours. C\u2019est comme avec les marguerites : \u00ab je crois\u2026 un peu, beaucoup, passionn\u00e9ment, \u00e0 la folie, pas du tout\u2026 \u00bb Bien souvent, nous avons l\u2019impression que notre foi est toute petite, toute fragile, et que celle des autres semble bien plus forte, plus solide. \u00ab Aide-moi \u00e0 croire, Seigneur ! \u00bb disait un cat\u00e9chum\u00e8ne dans une pri\u00e8re. \u00ab Augmente en nous la foi ! \u00bb disaient les Ap\u00f4tres au Seigneur.<\/strong><\/p>\n<p style=\"text-align: justify;\"><strong>Pourtant la r\u00e9ponse de J\u00e9sus le dit bien : pas besoin d\u2019avoir une foi grosse comme une montagne, une petite foi grosse comme une graine de moutarde peut d\u00e9j\u00e0 suffire \u00e0 faire des choses extraordinaires. Comme le disait un th\u00e9ologien, la foi peut r\u00e9aliser l\u2019impossible, non par sa propre force, mais parce qu\u2019elle est confiance en la puissance agissante de Dieu. Au fond, la taille de la foi importe peu, ce qui compte c\u2019est vivre pleinement la confiance en notre Sauveur.<\/strong><\/p>\n<p style=\"text-align: justify;\"><strong>\u00ab Impossible is nothing \u00bb, disait une marque de sport. \u00ab Rien n\u2019est impossible \u00e0 Dieu \u00bb disait l\u2019ange \u00e0 Marie au d\u00e9but de l\u2019Evangile de Saint Luc (1,37). La foi ne s\u2019acquiert pas, elle est \u00ab confiance \u00bb en Lui qui peut tout. Alors cette semaine, nous sommes\u00a0invit\u00e9s \u00e0 prier avec confiance pour une situation autour de nous, pour un proche, pour un fr\u00e8re ou une s\u0153ur. Une pri\u00e8re qui peut \u00eatre toute simple, comme une graine de moutarde, mais qui par la puissance agissante de Dieu, pourra faire des choses extraordinaires.<\/strong><\/p>\n","protected":false},"excerpt":{"rendered":"<p>En ce temps-l\u00e0, les Ap\u00f4tres dirent au Seigneur : \u00ab Augmente en nous la foi ! \u00bb Le Seigneur r\u00e9pondit : \u00ab Si vous aviez de la foi, gros comme une graine de moutarde, vous auriez dit \u00e0 l\u2019arbre que voici : \u2018D\u00e9racine-toi et va te planter dans la mer\u2019, et il vous aurait ob\u00e9i. \u00bb (Luc 17, 5-6) &gt; Bien souvent, nous avons l\u2019impression que nous croyons seulement un peu. Voire pas du tout, \u00e7a d\u00e9pend des jours. C\u2019est comme avec les marguerites : \u00ab je crois\u2026 un peu, beaucoup, passionn\u00e9ment, \u00e0 la folie, pas du tout\u2026 \u00bb Bien souvent, nous avons l\u2019impression que notre foi est toute petite, \u2026 <a class=\"continue-reading-link\" href=\"https:\/\/levangilealecran.com\/?p=1131\"> Continue reading <span class=\"meta-nav\">&rarr; <\/span><\/a><\/p>\n","protected":false},"author":1,"featured_media":0,"comment_status":"open","ping_status":"open","sticky":false,"template":"","format":"standard","meta":{"footnotes":""},"categories":[4,6],"tags":[76,431,31,545],"class_list":["post-1131","post","type-post","status-publish","format-standard","hentry","category-dimanche","category-luc","tag-foi","tag-luc","tag-priere","tag-puissance"],"_links":{"self":[{"href":"https:\/\/levangilealecran.com\/index.php?rest_route=\/wp\/v2\/posts\/1131","targetHints":{"allow":["GET"]}}],"collection":[{"href":"https:\/\/levangilealecran.com\/index.php?rest_route=\/wp\/v2\/posts"}],"about":[{"href":"https:\/\/levangilealecran.com\/index.php?rest_route=\/wp\/v2\/types\/post"}],"author":[{"embeddable":true,"href":"https:\/\/levangilealecran.com\/index.php?rest_route=\/wp\/v2\/users\/1"}],"replies":[{"embeddable":true,"href":"https:\/\/levangilealecran.com\/index.php?rest_route=%2Fwp%2Fv2%2Fcomments&post=1131"}],"version-history":[{"count":1,"href":"https:\/\/levangilealecran.com\/index.php?rest_route=\/wp\/v2\/posts\/1131\/revisions"}],"predecessor-version":[{"id":1132,"href":"https:\/\/levangilealecran.com\/index.php?rest_route=\/wp\/v2\/posts\/1131\/revisions\/1132"}],"wp:attachment":[{"href":"https:\/\/levangilealecran.com\/index.php?rest_route=%2Fwp%2Fv2%2Fmedia&parent=1131"}],"wp:term":[{"taxonomy":"category","embeddable":true,"href":"https:\/\/levangilealecran.com\/index.php?rest_route=%2Fwp%2Fv2%2Fcategories&post=1131"},{"taxonomy":"post_tag","embeddable":true,"href":"https:\/\/levangilealecran.com\/index.php?rest_route=%2Fwp%2Fv2%2Ftags&post=1131"}],"curies":[{"name":"wp","href":"https:\/\/api.w.org\/{rel}","templated":true}]}}